{"id":259115,"date":"2022-07-19T11:52:39","date_gmt":"2022-07-19T08:52:39","guid":{"rendered":"http:\/\/107.6.182.27\/tr\/?p=259115"},"modified":"2022-07-20T08:02:18","modified_gmt":"2022-07-20T05:02:18","slug":"versinin-astana-sureci-garantor-devletleri-zirvesinde-tum-onemli-konular-ele-alinacak","status":"publish","type":"post","link":"https:\/\/archive.sana.sy\/tr\/?p=259115","title":{"rendered":"Ver\u015finin: Astana S\u00fcreci Garant\u00f6r Devletleri Zirvesinde T\u00fcm \u00d6nemli Konular Ele Al\u0131nacak"},"content":{"rendered":"<p>MOSKOVA &#8211; Rusya D\u0131\u015fi\u015fleri Bakan Yard\u0131mc\u0131s\u0131 Sergey Ver\u015finin, bug\u00fcn\u00fcn ilerleyen saatlerinde Tahran&#8217;da yap\u0131lmas\u0131 planlanan Astana S\u00fcreci&#8217;nin garant\u00f6r devletlerinin devlet ba\u015fkanlar\u0131 zirvesinde t\u00fcm \u00f6nemli konular\u0131n ele al\u0131naca\u011f\u0131n\u0131 belirtti.<\/p>\n<p>Rusya Today internet sitesi Ver\u015finin&#8217;in gazetecilere verdi\u011fi verdi\u011fi deme\u00e7ten naklen, &#8220;Tahran&#8217;da, Astana form\u00fcl\u00fcne garant\u00f6r devletlerin, yani Rusya, \u0130ran ve T\u00fcrkiye&#8217;nin kat\u0131l\u0131m\u0131yla \u00fcst d\u00fczeyde \u00e7ok \u00f6nemli bir toplant\u0131m\u0131z var&#8221; dedi.<\/p>\n<p><a class=\"oajrlxb2 g5ia77u1 qu0x051f esr5mh6w e9989ue4 r7d6kgcz rq0escxv nhd2j8a9 nc684nl6 p7hjln8o kvgmc6g5 cxmmr5t8 oygrvhab hcukyx3x jb3vyjys rz4wbd8a qt6c0cv9 a8nywdso i1ao9s8h esuyzwwr f1sip0of lzcic4wl gpro0wi8 q66pz984 b1v8xokw\" tabindex=\"0\" role=\"link\" href=\"https:\/\/www.facebook.com\/hashtag\/telegram_kanal%C4%B1m%C4%B1z?__eep__=6&amp;__cft__[0]=AZWpMhh4D-FGMYugM0PBxZKSKiHobaYLcVvnVmbiDzFRtE3PruE5DWFIlfsu3gRLeNmlltCp5Aw-hQTiwDRtiWwIktBENSh3E0r3dEjIEsz4VGWvhwPf0SRww0Tj-MQS6-rU0HAgkxd7ljpikoSg2t3sO8r_T02ya9AeZlL5NJ9Ipg&amp;__tn__=*NK-R\">#Telegram_Kanal\u0131m\u0131z<\/a>: <a class=\"oajrlxb2 g5ia77u1 qu0x051f esr5mh6w e9989ue4 r7d6kgcz rq0escxv nhd2j8a9 nc684nl6 p7hjln8o kvgmc6g5 cxmmr5t8 oygrvhab hcukyx3x jb3vyjys rz4wbd8a qt6c0cv9 a8nywdso i1ao9s8h esuyzwwr f1sip0of lzcic4wl gpro0wi8 py34i1dx\" tabindex=\"0\" role=\"link\" href=\"https:\/\/l.facebook.com\/l.php?u=https%3A%2F%2Ft.me%2FSuriyeArapHaberAjans%3Ffbclid%3DIwAR2Dyi5jNE_45hvJdGIidwSN_FrunywCyFLzlUovBaksrdTHi_ANtinEIDw&amp;h=AT3tO4lc5XhxTdtyh0GtW3VtnsPgay3MAsQf3QAM6jNmRvW9THbOue7zb1wf58DnofW_DkKdYU5afoeIIvvNWMG2lSWqTCre4cvI_DWusv04AuVBArrMJejw18Ak-sXZzf8&amp;__tn__=-UK-R&amp;c[0]=AT3KKbF5Wj7J0dnvji7zXVDy8FJhmZzGCREGJ99KbG1L335tKx0KCC_ttqgB0vkeOATEgj-Sj1iPRZfkrMyYc4NoOFCxvP3y3XaPgLGtQAjv1zF267ABiqCfJ_THR-WtcuA2oYAwhzwT6WZ5oXSWScbAaU5CdYp8Tr2BgJmZLb4dfsFSY7ECK2GzDV5CVvSu0KMhl0M1\" target=\"_blank\" rel=\"nofollow noopener\">https:\/\/t.me\/SuriyeArapHaberAjans<\/a><\/p>\n","protected":false},"excerpt":{"rendered":"<p>MOSKOVA &#8211; Rusya D\u0131\u015fi\u015fleri Bakan Yard\u0131mc\u0131s\u0131 Sergey Ver\u015finin, bug\u00fcn\u00fcn ilerleyen saatlerinde Tahran&#8217;da yap\u0131lmas\u0131 planlanan Astana S\u00fcreci&#8217;nin garant\u00f6r devletlerinin devlet ba\u015fkanlar\u0131 zirvesinde t\u00fcm \u00f6nemli konular\u0131n ele al\u0131naca\u011f\u0131n\u0131 belirtti. Rusya Today internet sitesi Ver\u015finin&#8217;in gazetecilere verdi\u011fi verdi\u011fi deme\u00e7ten naklen, &#8220;Tahran&#8217;da, Astana form\u00fcl\u00fcne garant\u00f6r devletlerin, yani Rusya, \u0130ran ve T\u00fcrkiye&#8217;nin kat\u0131l\u0131m\u0131yla \u00fcst d\u00fczeyde \u00e7ok \u00f6nemli bir toplant\u0131m\u0131z var&#8221; &hellip;<\/p>\n","protected":false},"author":1,"featured_media":259116,"comment_status":"closed","ping_status":"closed","sticky":false,"template":"","format":"standard","meta":{"footnotes":""},"categories":[458,459,17988],"tags":[],"class_list":["post-259115","post","type-post","status-publish","format-standard","has-post-thumbnail","","category-dunya1","category-haberler-arap-uluslararasi-politika","category-son-haberler"],"_links":{"self":[{"href":"https:\/\/archive.sana.sy\/tr\/index.php?rest_route=\/wp\/v2\/posts\/259115","targetHints":{"allow":["GET"]}}],"collection":[{"href":"https:\/\/archive.sana.sy\/tr\/index.php?rest_route=\/wp\/v2\/posts"}],"about":[{"href":"https:\/\/archive.sana.sy\/tr\/index.php?rest_route=\/wp\/v2\/types\/post"}],"author":[{"embeddable":true,"href":"https:\/\/archive.sana.sy\/tr\/index.php?rest_route=\/wp\/v2\/users\/1"}],"replies":[{"embeddable":true,"href":"https:\/\/archive.sana.sy\/tr\/index.php?rest_route=%2Fwp%2Fv2%2Fcomments&post=259115"}],"version-history":[{"count":0,"href":"https:\/\/archive.sana.sy\/tr\/index.php?rest_route=\/wp\/v2\/posts\/259115\/revisions"}],"wp:featuredmedia":[{"embeddable":true,"href":"https:\/\/archive.sana.sy\/tr\/index.php?rest_route=\/wp\/v2\/media\/259116"}],"wp:attachment":[{"href":"https:\/\/archive.sana.sy\/tr\/index.php?rest_route=%2Fwp%2Fv2%2Fmedia&parent=259115"}],"wp:term":[{"taxonomy":"category","embeddable":true,"href":"https:\/\/archive.sana.sy\/tr\/index.php?rest_route=%2Fwp%2Fv2%2Fcategories&post=259115"},{"taxonomy":"post_tag","embeddable":true,"href":"https:\/\/archive.sana.sy\/tr\/index.php?rest_route=%2Fwp%2Fv2%2Ftags&post=259115"}],"curies":[{"name":"wp","href":"https:\/\/api.w.org\/{rel}","templated":true}]}}