{"id":259122,"date":"2022-07-19T12:13:32","date_gmt":"2022-07-19T09:13:32","guid":{"rendered":"http:\/\/107.6.182.27\/tr\/?p=259122"},"modified":"2022-07-25T09:58:03","modified_gmt":"2022-07-25T06:58:03","slug":"kamisli-kirsalinda-dsg-milisleri-ve-amerikan-isgaline-karsi-protesto-gosterileri","status":"publish","type":"post","link":"https:\/\/archive.sana.sy\/tr\/?p=259122","title":{"rendered":"Kam\u0131\u015fl\u0131 K\u0131rsal\u0131nda DSG Milisleri Ve Amerikan \u0130\u015fgaline Kar\u015f\u0131 Protesto G\u00f6sterileri"},"content":{"rendered":"<p>HASEKE &#8211; Kam\u0131\u015fl\u0131 b\u00f6lgesindeki Tennuriye El \u011eumr K\u00f6y halk\u0131, Amerikan i\u015fgaline ba\u011fl\u0131 DSG milislerinin silahl\u0131 adamlar\u0131n\u0131n halka kar\u015f\u0131 uygulamalar\u0131 ve Amerikan i\u015fgalinin b\u00f6lge halk\u0131na yapt\u0131\u011f\u0131 zorbal\u0131klar yan\u0131 s\u0131ra,\u00a0 i\u015fgal g\u00fc\u00e7leriyle i\u015fbirli\u011fi i\u00e7inde, konu\u015flanma alanlar\u0131ndaki kamusal ya\u015fam\u0131n eklemlerini hakimiyetleri alt\u0131na almay\u0131 protesto eden g\u00f6steriler d\u00fczenledi.<\/p>\n<p>Yerel kaynaklar SANA muhabirine, Kam\u0131\u015fl\u0131 b\u00f6lgesindeki Tennuriye El \u011eumr k\u00f6y\u00fc sakinlerinin, ana yol \u00fczerinde kom\u015fu bir k\u00f6yden insanlar\u0131n da kat\u0131l\u0131m\u0131yla, d\u00fcn bir milis arac\u0131n\u0131n bir \u00e7ocu\u011fu ezerek \u00f6l\u00fcm\u00fcne yol a\u00e7mas\u0131n\u0131n ard\u0131ndan \u201cDSG\u201d milislerinin yay\u0131ld\u0131\u011f\u0131 b\u00f6lgelerdeki uygulamalar\u0131na ve ya\u015famlara sayg\u0131s\u0131zl\u0131\u011f\u0131na kar\u015f\u0131 protesto g\u00f6sterisinde topland\u0131\u011f\u0131n\u0131 s\u00f6yledi.<\/p>\n<p>Kaynaklar, \u00f6fkeli g\u00f6stericilerin otoban\u0131 lastik yakarak trafi\u011fe kapatt\u0131\u011f\u0131n\u0131, milislerin b\u00f6lgelerinden \u00e7\u0131kar\u0131lmas\u0131, mevcudiyetine son verilmesi ve b\u00f6lgedeki k\u00f6y ve kasabalara girmesinin engellenmesi \u00e7a\u011fr\u0131lar\u0131 \u00fczerine \u201cDSG\u201d milis ara\u00e7lar\u0131na ta\u015f att\u0131\u011f\u0131n\u0131 da belirtti.<\/p>\n<p>B\u00f6lgede milisler taraf\u0131ndan bu gibi ezme hadiseleri tekrarlan\u0131rken bu olay\u0131n b\u0131 y\u0131l i\u00e7erisinde \u00fc\u00e7\u00fcnc\u00fcs\u00fc oldu\u011fu, daha \u00f6nce bir k\u0131z \u00e7ocu\u011fu ile bir bayan\u0131n, a\u015f\u0131r\u0131 h\u0131z, pervas\u0131zl\u0131k ve hayatlara kar\u015f\u0131 ilgisizlik nedeniyle meydana geldi\u011fi dikkat \u00e7ekicidir.<\/p>\n<p><a class=\"oajrlxb2 g5ia77u1 qu0x051f esr5mh6w e9989ue4 r7d6kgcz rq0escxv nhd2j8a9 nc684nl6 p7hjln8o kvgmc6g5 cxmmr5t8 oygrvhab hcukyx3x jb3vyjys rz4wbd8a qt6c0cv9 a8nywdso i1ao9s8h esuyzwwr f1sip0of lzcic4wl gpro0wi8 q66pz984 b1v8xokw\" tabindex=\"0\" role=\"link\" href=\"https:\/\/www.facebook.com\/hashtag\/telegram_kanal%C4%B1m%C4%B1z?__eep__=6&amp;__cft__[0]=AZWpMhh4D-FGMYugM0PBxZKSKiHobaYLcVvnVmbiDzFRtE3PruE5DWFIlfsu3gRLeNmlltCp5Aw-hQTiwDRtiWwIktBENSh3E0r3dEjIEsz4VGWvhwPf0SRww0Tj-MQS6-rU0HAgkxd7ljpikoSg2t3sO8r_T02ya9AeZlL5NJ9Ipg&amp;__tn__=*NK-R\">#Telegram_Kanal\u0131m\u0131z<\/a>: <a class=\"oajrlxb2 g5ia77u1 qu0x051f esr5mh6w e9989ue4 r7d6kgcz rq0escxv nhd2j8a9 nc684nl6 p7hjln8o kvgmc6g5 cxmmr5t8 oygrvhab hcukyx3x jb3vyjys rz4wbd8a qt6c0cv9 a8nywdso i1ao9s8h esuyzwwr f1sip0of lzcic4wl gpro0wi8 py34i1dx\" tabindex=\"0\" role=\"link\" href=\"https:\/\/l.facebook.com\/l.php?u=https%3A%2F%2Ft.me%2FSuriyeArapHaberAjans%3Ffbclid%3DIwAR2Dyi5jNE_45hvJdGIidwSN_FrunywCyFLzlUovBaksrdTHi_ANtinEIDw&amp;h=AT3tO4lc5XhxTdtyh0GtW3VtnsPgay3MAsQf3QAM6jNmRvW9THbOue7zb1wf58DnofW_DkKdYU5afoeIIvvNWMG2lSWqTCre4cvI_DWusv04AuVBArrMJejw18Ak-sXZzf8&amp;__tn__=-UK-R&amp;c[0]=AT3KKbF5Wj7J0dnvji7zXVDy8FJhmZzGCREGJ99KbG1L335tKx0KCC_ttqgB0vkeOATEgj-Sj1iPRZfkrMyYc4NoOFCxvP3y3XaPgLGtQAjv1zF267ABiqCfJ_THR-WtcuA2oYAwhzwT6WZ5oXSWScbAaU5CdYp8Tr2BgJmZLb4dfsFSY7ECK2GzDV5CVvSu0KMhl0M1\" target=\"_blank\" rel=\"nofollow noopener\">https:\/\/t.me\/SuriyeArapHaberAjans<\/a><\/p>\n","protected":false},"excerpt":{"rendered":"<p>HASEKE &#8211; Kam\u0131\u015fl\u0131 b\u00f6lgesindeki Tennuriye El \u011eumr K\u00f6y halk\u0131, Amerikan i\u015fgaline ba\u011fl\u0131 DSG milislerinin silahl\u0131 adamlar\u0131n\u0131n halka kar\u015f\u0131 uygulamalar\u0131 ve Amerikan i\u015fgalinin b\u00f6lge halk\u0131na yapt\u0131\u011f\u0131 zorbal\u0131klar yan\u0131 s\u0131ra,\u00a0 i\u015fgal g\u00fc\u00e7leriyle i\u015fbirli\u011fi i\u00e7inde, konu\u015flanma alanlar\u0131ndaki kamusal ya\u015fam\u0131n eklemlerini hakimiyetleri alt\u0131na almay\u0131 protesto eden g\u00f6steriler d\u00fczenledi. Yerel kaynaklar SANA muhabirine, Kam\u0131\u015fl\u0131 b\u00f6lgesindeki Tennuriye El \u011eumr k\u00f6y\u00fc sakinlerinin, &hellip;<\/p>\n","protected":false},"author":39,"featured_media":259123,"comment_status":"closed","ping_status":"closed","sticky":false,"template":"","format":"standard","meta":{"footnotes":""},"categories":[479,575,17988,478],"tags":[],"class_list":["post-259122","post","type-post","status-publish","format-standard","has-post-thumbnail","","category-haberler-yerel","category-olaylar-ve-gercekler","category-son-haberler","category-yerel"],"_links":{"self":[{"href":"https:\/\/archive.sana.sy\/tr\/index.php?rest_route=\/wp\/v2\/posts\/259122","targetHints":{"allow":["GET"]}}],"collection":[{"href":"https:\/\/archive.sana.sy\/tr\/index.php?rest_route=\/wp\/v2\/posts"}],"about":[{"href":"https:\/\/archive.sana.sy\/tr\/index.php?rest_route=\/wp\/v2\/types\/post"}],"author":[{"embeddable":true,"href":"https:\/\/archive.sana.sy\/tr\/index.php?rest_route=\/wp\/v2\/users\/39"}],"replies":[{"embeddable":true,"href":"https:\/\/archive.sana.sy\/tr\/index.php?rest_route=%2Fwp%2Fv2%2Fcomments&post=259122"}],"version-history":[{"count":0,"href":"https:\/\/archive.sana.sy\/tr\/index.php?rest_route=\/wp\/v2\/posts\/259122\/revisions"}],"wp:featuredmedia":[{"embeddable":true,"href":"https:\/\/archive.sana.sy\/tr\/index.php?rest_route=\/wp\/v2\/media\/259123"}],"wp:attachment":[{"href":"https:\/\/archive.sana.sy\/tr\/index.php?rest_route=%2Fwp%2Fv2%2Fmedia&parent=259122"}],"wp:term":[{"taxonomy":"category","embeddable":true,"href":"https:\/\/archive.sana.sy\/tr\/index.php?rest_route=%2Fwp%2Fv2%2Fcategories&post=259122"},{"taxonomy":"post_tag","embeddable":true,"href":"https:\/\/archive.sana.sy\/tr\/index.php?rest_route=%2Fwp%2Fv2%2Ftags&post=259122"}],"curies":[{"name":"wp","href":"https:\/\/api.w.org\/{rel}","templated":true}]}}