{"id":259127,"date":"2022-07-19T13:24:41","date_gmt":"2022-07-19T10:24:41","guid":{"rendered":"http:\/\/107.6.182.27\/tr\/?p=259127"},"modified":"2022-07-20T08:03:16","modified_gmt":"2022-07-20T05:03:16","slug":"fermo-sahil-daglarinda-cok-yuksek-duzeyde-yangin-riskinden-etkilenen-yerler-sinirlidir","status":"publish","type":"post","link":"https:\/\/archive.sana.sy\/tr\/?p=259127","title":{"rendered":"FERMO: Sahil Da\u011flar\u0131nda \u00c7ok Y\u00fcksek D\u00fczeyde Yang\u0131n Riskinden Etkilenen Yerler S\u0131n\u0131rl\u0131d\u0131r"},"content":{"rendered":"<p>\u015eAM &#8211; Uzaktan Alg\u0131lama Kamu Kurumu&#8217;nun Ormanc\u0131l\u0131k ve Yang\u0131n \u0130zleme Platformu &#8220;FERMO&#8221; Haritalar\u0131, k\u0131y\u0131 da\u011f silsilesinin do\u011fu yama\u00e7lar\u0131ndaki baz\u0131 s\u0131n\u0131rl\u0131 konumlar\u0131n bug\u00fcn ve yar\u0131n \u00e7ok y\u00fcksek d\u00fczeyde yang\u0131n riskinden etkilenece\u011fini g\u00f6sterdi.<\/p>\n<p>Komisyondaki platformun ba\u015fkan\u0131 Dr. Roza Karmuka SANA&#8217;ya yapt\u0131\u011f\u0131 a\u00e7\u0131klamada, yang\u0131nlar\u0131n yay\u0131lma tehlikesine ili\u015fkin g\u00f6stergelerin, Suriye&#8217;nin kuzeybat\u0131s\u0131ndaki ormanlar\u0131n \u00e7o\u011funun orta ve y\u00fcksek seviyelerde, bug\u00fcnden gelecek per\u015fembeye kadar yang\u0131ndan etkilenebilece\u011fini g\u00f6sterdi\u011fini belirtti.<\/p>\n<p>Karmuka, k\u0131y\u0131 da\u011f silsilesinin do\u011fu yama\u00e7lar\u0131ndaki baz\u0131 s\u0131n\u0131rl\u0131 alanlar\u0131n bug\u00fcn ve yar\u0131n \u00e7ok y\u00fcksek seviyedeki tehlikeden etkilendi\u011fini belirterek, ate\u015f yakmamak ve herhangi bir alev veya dumana kar\u015f\u0131 dikkatli ve ihtiyatl\u0131 olma \u00e7a\u011fr\u0131s\u0131nda bulundu.<\/p>\n<p>Karmuka, 188 ve 113 numaral\u0131 \u00fccretsiz hatlardan yang\u0131n ve duman ihbar\u0131n\u0131n yap\u0131labilece\u011fini belirterek, Meteoroloji Genel M\u00fcd\u00fcrl\u00fc\u011f\u00fc ile Tar\u0131m ve Tar\u0131m Bakanl\u0131\u011f\u0131 Tar\u0131m Reformu &#8211; Orman M\u00fcd\u00fcrl\u00fc\u011f\u00fc&#8217;n\u00fcn i\u015f birli\u011fi ile haritalar\u0131n haz\u0131rland\u0131\u011f\u0131n\u0131 belirtti.<\/p>\n<p><a class=\"oajrlxb2 g5ia77u1 qu0x051f esr5mh6w e9989ue4 r7d6kgcz rq0escxv nhd2j8a9 nc684nl6 p7hjln8o kvgmc6g5 cxmmr5t8 oygrvhab hcukyx3x jb3vyjys rz4wbd8a qt6c0cv9 a8nywdso i1ao9s8h esuyzwwr f1sip0of lzcic4wl gpro0wi8 q66pz984 b1v8xokw\" tabindex=\"0\" role=\"link\" href=\"https:\/\/www.facebook.com\/hashtag\/telegram_kanal%C4%B1m%C4%B1z?__eep__=6&amp;__cft__[0]=AZWpMhh4D-FGMYugM0PBxZKSKiHobaYLcVvnVmbiDzFRtE3PruE5DWFIlfsu3gRLeNmlltCp5Aw-hQTiwDRtiWwIktBENSh3E0r3dEjIEsz4VGWvhwPf0SRww0Tj-MQS6-rU0HAgkxd7ljpikoSg2t3sO8r_T02ya9AeZlL5NJ9Ipg&amp;__tn__=*NK-R\">#Telegram_Kanal\u0131m\u0131z<\/a>: <a class=\"oajrlxb2 g5ia77u1 qu0x051f esr5mh6w e9989ue4 r7d6kgcz rq0escxv nhd2j8a9 nc684nl6 p7hjln8o kvgmc6g5 cxmmr5t8 oygrvhab hcukyx3x jb3vyjys rz4wbd8a qt6c0cv9 a8nywdso i1ao9s8h esuyzwwr f1sip0of lzcic4wl gpro0wi8 py34i1dx\" tabindex=\"0\" role=\"link\" href=\"https:\/\/l.facebook.com\/l.php?u=https%3A%2F%2Ft.me%2FSuriyeArapHaberAjans%3Ffbclid%3DIwAR2Dyi5jNE_45hvJdGIidwSN_FrunywCyFLzlUovBaksrdTHi_ANtinEIDw&amp;h=AT3tO4lc5XhxTdtyh0GtW3VtnsPgay3MAsQf3QAM6jNmRvW9THbOue7zb1wf58DnofW_DkKdYU5afoeIIvvNWMG2lSWqTCre4cvI_DWusv04AuVBArrMJejw18Ak-sXZzf8&amp;__tn__=-UK-R&amp;c[0]=AT3KKbF5Wj7J0dnvji7zXVDy8FJhmZzGCREGJ99KbG1L335tKx0KCC_ttqgB0vkeOATEgj-Sj1iPRZfkrMyYc4NoOFCxvP3y3XaPgLGtQAjv1zF267ABiqCfJ_THR-WtcuA2oYAwhzwT6WZ5oXSWScbAaU5CdYp8Tr2BgJmZLb4dfsFSY7ECK2GzDV5CVvSu0KMhl0M1\" target=\"_blank\" rel=\"nofollow noopener\">https:\/\/t.me\/SuriyeArapHaberAjans<\/a><\/p>\n","protected":false},"excerpt":{"rendered":"<p>\u015eAM &#8211; Uzaktan Alg\u0131lama Kamu Kurumu&#8217;nun Ormanc\u0131l\u0131k ve Yang\u0131n \u0130zleme Platformu &#8220;FERMO&#8221; Haritalar\u0131, k\u0131y\u0131 da\u011f silsilesinin do\u011fu yama\u00e7lar\u0131ndaki baz\u0131 s\u0131n\u0131rl\u0131 konumlar\u0131n bug\u00fcn ve yar\u0131n \u00e7ok y\u00fcksek d\u00fczeyde yang\u0131n riskinden etkilenece\u011fini g\u00f6sterdi. Komisyondaki platformun ba\u015fkan\u0131 Dr. Roza Karmuka SANA&#8217;ya yapt\u0131\u011f\u0131 a\u00e7\u0131klamada, yang\u0131nlar\u0131n yay\u0131lma tehlikesine ili\u015fkin g\u00f6stergelerin, Suriye&#8217;nin kuzeybat\u0131s\u0131ndaki ormanlar\u0131n \u00e7o\u011funun orta ve y\u00fcksek seviyelerde, bug\u00fcnden gelecek &hellip;<\/p>\n","protected":false},"author":1,"featured_media":259128,"comment_status":"closed","ping_status":"closed","sticky":false,"template":"","format":"standard","meta":{"footnotes":""},"categories":[479,17988,478],"tags":[],"class_list":["post-259127","post","type-post","status-publish","format-standard","has-post-thumbnail","","category-haberler-yerel","category-son-haberler","category-yerel"],"_links":{"self":[{"href":"https:\/\/archive.sana.sy\/tr\/index.php?rest_route=\/wp\/v2\/posts\/259127","targetHints":{"allow":["GET"]}}],"collection":[{"href":"https:\/\/archive.sana.sy\/tr\/index.php?rest_route=\/wp\/v2\/posts"}],"about":[{"href":"https:\/\/archive.sana.sy\/tr\/index.php?rest_route=\/wp\/v2\/types\/post"}],"author":[{"embeddable":true,"href":"https:\/\/archive.sana.sy\/tr\/index.php?rest_route=\/wp\/v2\/users\/1"}],"replies":[{"embeddable":true,"href":"https:\/\/archive.sana.sy\/tr\/index.php?rest_route=%2Fwp%2Fv2%2Fcomments&post=259127"}],"version-history":[{"count":0,"href":"https:\/\/archive.sana.sy\/tr\/index.php?rest_route=\/wp\/v2\/posts\/259127\/revisions"}],"wp:featuredmedia":[{"embeddable":true,"href":"https:\/\/archive.sana.sy\/tr\/index.php?rest_route=\/wp\/v2\/media\/259128"}],"wp:attachment":[{"href":"https:\/\/archive.sana.sy\/tr\/index.php?rest_route=%2Fwp%2Fv2%2Fmedia&parent=259127"}],"wp:term":[{"taxonomy":"category","embeddable":true,"href":"https:\/\/archive.sana.sy\/tr\/index.php?rest_route=%2Fwp%2Fv2%2Fcategories&post=259127"},{"taxonomy":"post_tag","embeddable":true,"href":"https:\/\/archive.sana.sy\/tr\/index.php?rest_route=%2Fwp%2Fv2%2Ftags&post=259127"}],"curies":[{"name":"wp","href":"https:\/\/api.w.org\/{rel}","templated":true}]}}