{"id":259130,"date":"2022-07-19T19:34:27","date_gmt":"2022-07-19T16:34:27","guid":{"rendered":"http:\/\/107.6.182.27\/tr\/?p=259130"},"modified":"2022-07-20T08:04:21","modified_gmt":"2022-07-20T05:04:21","slug":"iran-siyonist-varlik-tarafindan-islenecek-herhangi-bir-aptalliga-yikici-bir-yanit-verme-sozu-verdi","status":"publish","type":"post","link":"https:\/\/archive.sana.sy\/tr\/?p=259130","title":{"rendered":"\u0130ran, Siyonist Varl\u0131k Taraf\u0131ndan \u0130\u015flenecek Herhangi Bir Aptall\u0131\u011fa Y\u0131k\u0131c\u0131 Bir Yan\u0131t Verme S\u00f6z\u00fc Verdi"},"content":{"rendered":"<p>TAHRAN &#8211; \u0130ran D\u0131\u015fi\u015fleri Bakanl\u0131\u011f\u0131 s\u00f6zc\u00fcs\u00fc Nas\u0131r Ken&#8217;ani, \u0130ran&#8217;\u0131n Siyonist varl\u0131\u011f\u0131n yapt\u0131\u011f\u0131 her t\u00fcrl\u00fc aptall\u0131\u011fa tepkisinin y\u0131k\u0131c\u0131 olaca\u011f\u0131n\u0131 belirtti.<\/p>\n<p>IRNA, Kanaani&#8217;nin bug\u00fcn verdi\u011fi bir r\u00f6portajdan naklen, &#8220;Siyonist varl\u0131\u011f\u0131n son zamanlardaki tehditlerinin sadece psikolojik bir sava\u015f oldu\u011funu ve \u0130ran&#8217;a askeri olarak kar\u015f\u0131 koymaya cesaret edemedi\u011fini ve yetene\u011finin olmad\u0131\u011f\u0131n\u0131&#8221; s\u00f6yleyerek, ABD Ba\u015fkan\u0131 Joe Biden&#8217;in b\u00f6lgeye yapt\u0131\u011f\u0131 ziyarette \u0130ran&#8217;a kar\u015f\u0131 askeri bir ittifak kurma konusunda ba\u015far\u0131s\u0131z oldu\u011funu a\u00e7\u0131klad\u0131.<\/p>\n<p>Ken&#8217;ani, \u00fclkesinin bug\u00fcn Astana s\u00fcrecinin garant\u00f6r devlet ba\u015fkanlar\u0131 zirvesine ev sahipli\u011fi yapaca\u011f\u0131n\u0131 belirterek, \u0130ran&#8217;\u0131n Suriye i\u00e7inde bir &#8220;tampon b\u00f6lge&#8221; kurma fikrini reddeden tutumunu yineledi.<\/p>\n","protected":false},"excerpt":{"rendered":"<p>TAHRAN &#8211; \u0130ran D\u0131\u015fi\u015fleri Bakanl\u0131\u011f\u0131 s\u00f6zc\u00fcs\u00fc Nas\u0131r Ken&#8217;ani, \u0130ran&#8217;\u0131n Siyonist varl\u0131\u011f\u0131n yapt\u0131\u011f\u0131 her t\u00fcrl\u00fc aptall\u0131\u011fa tepkisinin y\u0131k\u0131c\u0131 olaca\u011f\u0131n\u0131 belirtti. IRNA, Kanaani&#8217;nin bug\u00fcn verdi\u011fi bir r\u00f6portajdan naklen, &#8220;Siyonist varl\u0131\u011f\u0131n son zamanlardaki tehditlerinin sadece psikolojik bir sava\u015f oldu\u011funu ve \u0130ran&#8217;a askeri olarak kar\u015f\u0131 koymaya cesaret edemedi\u011fini ve yetene\u011finin olmad\u0131\u011f\u0131n\u0131&#8221; s\u00f6yleyerek, ABD Ba\u015fkan\u0131 Joe Biden&#8217;in b\u00f6lgeye yapt\u0131\u011f\u0131 ziyarette &hellip;<\/p>\n","protected":false},"author":1,"featured_media":259131,"comment_status":"closed","ping_status":"closed","sticky":false,"template":"","format":"standard","meta":{"footnotes":""},"categories":[458,459,17988],"tags":[],"class_list":["post-259130","post","type-post","status-publish","format-standard","has-post-thumbnail","","category-dunya1","category-haberler-arap-uluslararasi-politika","category-son-haberler"],"_links":{"self":[{"href":"https:\/\/archive.sana.sy\/tr\/index.php?rest_route=\/wp\/v2\/posts\/259130","targetHints":{"allow":["GET"]}}],"collection":[{"href":"https:\/\/archive.sana.sy\/tr\/index.php?rest_route=\/wp\/v2\/posts"}],"about":[{"href":"https:\/\/archive.sana.sy\/tr\/index.php?rest_route=\/wp\/v2\/types\/post"}],"author":[{"embeddable":true,"href":"https:\/\/archive.sana.sy\/tr\/index.php?rest_route=\/wp\/v2\/users\/1"}],"replies":[{"embeddable":true,"href":"https:\/\/archive.sana.sy\/tr\/index.php?rest_route=%2Fwp%2Fv2%2Fcomments&post=259130"}],"version-history":[{"count":0,"href":"https:\/\/archive.sana.sy\/tr\/index.php?rest_route=\/wp\/v2\/posts\/259130\/revisions"}],"wp:featuredmedia":[{"embeddable":true,"href":"https:\/\/archive.sana.sy\/tr\/index.php?rest_route=\/wp\/v2\/media\/259131"}],"wp:attachment":[{"href":"https:\/\/archive.sana.sy\/tr\/index.php?rest_route=%2Fwp%2Fv2%2Fmedia&parent=259130"}],"wp:term":[{"taxonomy":"category","embeddable":true,"href":"https:\/\/archive.sana.sy\/tr\/index.php?rest_route=%2Fwp%2Fv2%2Fcategories&post=259130"},{"taxonomy":"post_tag","embeddable":true,"href":"https:\/\/archive.sana.sy\/tr\/index.php?rest_route=%2Fwp%2Fv2%2Ftags&post=259130"}],"curies":[{"name":"wp","href":"https:\/\/api.w.org\/{rel}","templated":true}]}}