{"id":259147,"date":"2022-07-19T20:11:22","date_gmt":"2022-07-19T17:11:22","guid":{"rendered":"http:\/\/107.6.182.27\/tr\/?p=259147"},"modified":"2022-07-20T12:48:25","modified_gmt":"2022-07-20T09:48:25","slug":"sabbag-cezayirin-sam-buyukelcisiyle-gorusmesinde-iki-ulke-arasindaki-iliskilerin-ve-parlamento-ziyaretlerinin-guclendirilmesi","status":"publish","type":"post","link":"https:\/\/archive.sana.sy\/tr\/?p=259147","title":{"rendered":"Sabba\u011f, Cezayir&#8217;in \u015eam B\u00fcy\u00fckel\u00e7isiyle G\u00f6r\u00fc\u015fmesinde: \u0130ki \u00dclke Aras\u0131ndaki \u0130li\u015fkilerin Ve Parlamento Ziyaretlerinin G\u00fc\u00e7lendirilmesi"},"content":{"rendered":"<p style=\"text-align: justify;\">\u015eAM \u2013 Halk Meclisi Ba\u015fkan\u0131 Hammuda Sabba\u011f, Suriye-Cezayir ili\u015fkilerinin derinli\u011fini ve onlar\u0131 iki karde\u015f \u00fclke ve halk\u0131n \u00e7\u0131karlar\u0131na hizmet edecek \u015fekilde geli\u015ftirmenin \u00f6nemini vurgulad\u0131, onlar\u0131 g\u00fc\u00e7lendirme ve iki \u00fclke aras\u0131nda parlamento ziyaretleri al\u0131\u015fveri\u015finde bulunma umudunu dile getirdi.<\/p>\n<p style=\"text-align: justify;\">Cezayir&#8217;in \u015eam B\u00fcy\u00fckel\u00e7isi Lahsen Tohamy ile yapt\u0131\u011f\u0131 g\u00f6r\u00fc\u015fmede Sabba\u011f, ter\u00f6r sava\u015f\u0131 ve haks\u0131z ku\u015fatma kar\u015f\u0131s\u0131nda Cezayir halk\u0131n\u0131n ve Suriye liderli\u011finin onurlu duru\u015funu \u00f6vd\u00fc ve bu duru\u015flar\u0131n iki karde\u015f \u00fclke aras\u0131ndaki ili\u015fkilerin g\u00fcc\u00fcn\u00fc ve sa\u011flaml\u0131\u011f\u0131n\u0131 g\u00f6sterdi\u011fini vurgulad\u0131.<\/p>\n<p style=\"text-align: justify;\">Meclis Ba\u015fkan\u0131, Cezayir b\u00fcy\u00fckel\u00e7isinden, Cezayir Ulusal Halk Meclisi Ba\u015fkan\u0131 \u0130brahim Bogali ve Cezayir Ulusal Meclisi Ba\u015fkan\u0131 Salih Goujil&#8217;den, &#8220;\u0130slam D\u00fcnyas\u0131 ve Modernitenin Zorluklar\u0131&#8221; ve kalk\u0131nma slogan\u0131yla \u00f6n\u00fcm\u00fczdeki ay Cezayir&#8217;de d\u00fczenlenecek olan \u0130slam \u0130\u015fbirli\u011fi Te\u015fkilat\u0131 \u00dcye \u00dclkeler Konseyler Birli\u011fi Konferans\u0131n\u0131n 17. oturumuna kat\u0131lma daveti de dahil olmak \u00fczere ortak bir mektup ald\u0131.<\/p>\n<p style=\"text-align: justify;\">Kend\u015f y\u00f6n\u00fcnden Cezayir B\u00fcy\u00fckel\u00e7isi ise, iki karde\u015f \u00fclke aras\u0131ndaki ili\u015fkilerin her zaman pop\u00fcler uyum ve iki \u00fclkenin liderlerinin aralar\u0131ndaki ileti\u015fim, isti\u015fare ve koordinasyon k\u00f6pr\u00fclerini g\u00fc\u00e7lendirme konusundaki s\u00fcrekli isteklili\u011fi ile karakterize edildi\u011fini vurgulad\u0131.<\/p>\n<p style=\"text-align: justify;\">B\u00fcy\u00fckel\u00e7i Tohamy, Suriye&#8217;nin ter\u00f6rizme kar\u015f\u0131 kazand\u0131\u011f\u0131 zaferleri \u00f6vd\u00fc ve Suriye&#8217;nin ge\u00e7mi\u015fte oldu\u011fundan daha m\u00fcreffeh ve geli\u015fmi\u015f bir hale d\u00f6nece\u011fine dair umudunu dile getirdi.<\/p>\n<p style=\"text-align: justify;\">\n","protected":false},"excerpt":{"rendered":"<p>\u015eAM \u2013 Halk Meclisi Ba\u015fkan\u0131 Hammuda Sabba\u011f, Suriye-Cezayir ili\u015fkilerinin derinli\u011fini ve onlar\u0131 iki karde\u015f \u00fclke ve halk\u0131n \u00e7\u0131karlar\u0131na hizmet edecek \u015fekilde geli\u015ftirmenin \u00f6nemini vurgulad\u0131, onlar\u0131 g\u00fc\u00e7lendirme ve iki \u00fclke aras\u0131nda parlamento ziyaretleri al\u0131\u015fveri\u015finde bulunma umudunu dile getirdi. Cezayir&#8217;in \u015eam B\u00fcy\u00fckel\u00e7isi Lahsen Tohamy ile yapt\u0131\u011f\u0131 g\u00f6r\u00fc\u015fmede Sabba\u011f, ter\u00f6r sava\u015f\u0131 ve haks\u0131z ku\u015fatma kar\u015f\u0131s\u0131nda Cezayir halk\u0131n\u0131n ve &hellip;<\/p>\n","protected":false},"author":1,"featured_media":259148,"comment_status":"closed","ping_status":"closed","sticky":false,"template":"","format":"standard","meta":{"footnotes":""},"categories":[479,17988,478],"tags":[],"class_list":["post-259147","post","type-post","status-publish","format-standard","has-post-thumbnail","","category-haberler-yerel","category-son-haberler","category-yerel"],"_links":{"self":[{"href":"https:\/\/archive.sana.sy\/tr\/index.php?rest_route=\/wp\/v2\/posts\/259147","targetHints":{"allow":["GET"]}}],"collection":[{"href":"https:\/\/archive.sana.sy\/tr\/index.php?rest_route=\/wp\/v2\/posts"}],"about":[{"href":"https:\/\/archive.sana.sy\/tr\/index.php?rest_route=\/wp\/v2\/types\/post"}],"author":[{"embeddable":true,"href":"https:\/\/archive.sana.sy\/tr\/index.php?rest_route=\/wp\/v2\/users\/1"}],"replies":[{"embeddable":true,"href":"https:\/\/archive.sana.sy\/tr\/index.php?rest_route=%2Fwp%2Fv2%2Fcomments&post=259147"}],"version-history":[{"count":0,"href":"https:\/\/archive.sana.sy\/tr\/index.php?rest_route=\/wp\/v2\/posts\/259147\/revisions"}],"wp:featuredmedia":[{"embeddable":true,"href":"https:\/\/archive.sana.sy\/tr\/index.php?rest_route=\/wp\/v2\/media\/259148"}],"wp:attachment":[{"href":"https:\/\/archive.sana.sy\/tr\/index.php?rest_route=%2Fwp%2Fv2%2Fmedia&parent=259147"}],"wp:term":[{"taxonomy":"category","embeddable":true,"href":"https:\/\/archive.sana.sy\/tr\/index.php?rest_route=%2Fwp%2Fv2%2Fcategories&post=259147"},{"taxonomy":"post_tag","embeddable":true,"href":"https:\/\/archive.sana.sy\/tr\/index.php?rest_route=%2Fwp%2Fv2%2Ftags&post=259147"}],"curies":[{"name":"wp","href":"https:\/\/api.w.org\/{rel}","templated":true}]}}