{"id":259150,"date":"2022-07-19T20:26:26","date_gmt":"2022-07-19T17:26:26","guid":{"rendered":"http:\/\/107.6.182.27\/tr\/?p=259150"},"modified":"2022-07-26T12:19:36","modified_gmt":"2022-07-26T09:19:36","slug":"259150","status":"publish","type":"post","link":"https:\/\/archive.sana.sy\/tr\/?p=259150","title":{"rendered":"Cumhurba\u015fkan\u0131 Esad&#8217;\u0131n Y\u00f6nlendirmeleriyle Kabine, Hayati Hizmet Ve Kalk\u0131nma Projesini Finanse Etmek \u0130\u00e7in Kredi Eklenmesini Onaylad\u0131"},"content":{"rendered":"<p style=\"text-align: justify;\">\u015eAM &#8211; Cumhurba\u015fkan\u0131 Be\u015f\u015far Esad&#8217;\u0131n y\u00f6nlendirmeleriyle, Bakanlar Kurulu, cari y\u0131l boyunca uygulamalar\u0131n\u0131 tamamlamak i\u00e7in bir grup hayati hizmet ve kalk\u0131nma projesini finanse etmek ve Halep ve k\u0131rsal\u0131nda hizmet ger\u00e7ekli\u011fini iyile\u015ftirecek ve \u015fehirdeki ekonomik kalk\u0131nmay\u0131 art\u0131racak kredi eklenmesini onaylad\u0131.<\/p>\n<p style=\"text-align: justify;\">Kabine taraf\u0131ndan bug\u00fcn M\u00fchendis H\u00fcseyin Arnus ba\u015fkanl\u0131\u011f\u0131ndaki haftal\u0131k oturumunda onaylanan projeler aras\u0131nda, g\u00fcney Halep ovalar\u0131n\u0131n 4.400 hektar\u0131n\u0131n 2 milyar Suriye Liras\u0131 maliyetle rehabilitasyonunun tamamlanmas\u0131, Hanaser k\u00f6ylerinin 2,9 milyar liral\u0131k maliyetle sulanmas\u0131 ilka a\u015famada Cib Gab\u015fa Al Sein ekseninde yer alan k\u00f6ylerin 2 milyar Suriye liras\u0131 maliyetle sulanmas\u0131 ve Al Be\u015fair Turizm ve Miras Pazar\u0131 altyap\u0131s\u0131n\u0131n tamamlanmas\u0131 Halep&#8217;in g\u00fcney k\u0131rsal\u0131ndaki k\u00f6ylerin sulanmas\u0131na y\u00f6nelik y\u00fcr\u00fctme \u00e7al\u0131\u015fmas\u0131n\u0131n tamamlanmas\u0131, 150 elektrik iletim merkezi, Halep \u015fehrine 100 merkez ve il k\u0131rsal\u0131nda 50 merkezin kurulmas\u0131na ek olarak 2 milyar lira onkoloji hastanesi, Halep demiryolu \u015fubesinin donat\u0131lmas\u0131 ve Tel Balat de\u011firmeninin rehabilitasyonu projesinde yer ald\u0131.<\/p>\n<p style=\"text-align: justify;\">Kabine, Halep Termik Santrali&#8217;ndeki 2., 3. ve 4. mecmualar\u0131n rehabilitasyonu i\u00e7in ulusal ortaklar ve bu alanda \u00e7al\u0131\u015fan dost \u015firketlerle i\u015fbirli\u011fi i\u00e7inde s\u00f6zle\u015fme yap\u0131lmas\u0131 i\u00e7in gerekli tedbirlerin al\u0131nmas\u0131nda Elektrik Bakanl\u0131\u011f\u0131&#8217;na talimat verdi ve gerekli tedbirlerin al\u0131nmas\u0131 gerekti\u011fini vurgulad\u0131.<\/p>\n<p style=\"text-align: justify;\">M\u00fchendis Arnus, bu projelerin belirlenen s\u00fcrelere g\u00f6re hizmete a\u00e7\u0131lmas\u0131 i\u00e7in s\u00fcrekli takip ve yo\u011fun \u00e7aba g\u00f6sterilmesi gerekti\u011fini ve h\u00fck\u00fcmetin mevcut imkanlara g\u00f6re t\u00fcm valiliklerde hizmet ve kalk\u0131nma ger\u00e7eklerini iyile\u015ftirmeye istekli oldu\u011funu vurgulad\u0131.<\/p>\n<p style=\"text-align: justify;\">Ba\u015fbakan, ilgili bakanl\u0131klardan, Kunaytra ilinin gelecek y\u0131l b\u00fct\u00e7esine ilin tar\u0131m, turizm ve insan yeteneklerinin optimal yat\u0131r\u0131m\u0131n\u0131 sa\u011flayacak \u015fekilde dahil edilmesi i\u00e7in bir dizi entegre proje i\u00e7eren bir kalk\u0131nma plan\u0131 haz\u0131rlamalar\u0131n\u0131 istedi.<\/p>\n<p style=\"text-align: justify;\">Kabine, merkezi yar\u0131\u015fmada ba\u015far\u0131l\u0131 olan adaylar\u0131n belgelerini kamu makamlar\u0131na teslim etmeleri i\u00e7in belirlenen s\u00fcrenin on g\u00fcn daha uzat\u0131lmas\u0131na karar verdi.<\/p>\n<p style=\"text-align: justify;\">Ayr\u0131ca, Tar\u0131m ve Tar\u0131m Reformu Bakan\u0131 M\u00fch. Muhammed Hassan Katana taraf\u0131ndan Kabineye, ge\u00e7en sezonun ayn\u0131 d\u00f6nemine g\u00f6re 150 bin ton artan devlet merkezlerine bu\u011fday pazarlama operasyonlar\u0131n\u0131n geli\u015fimi hakk\u0131nda bilgi verdi. Konsey, t\u00fcm miktarlar\u0131 almak ve \u00e7ift\u00e7ilere aidatlar\u0131n\u0131 gecikmeden teslim etmek i\u00e7in takibin \u00f6nemini vurgulad\u0131.<\/p>\n<p style=\"text-align: justify;\">Kabine, \u00e7e\u015fitli uzmanl\u0131k alanlar\u0131ndaki sa\u011fl\u0131k kadrosu eksikli\u011fini gidermek amac\u0131yla, bir dizi t\u0131p fak\u00fcltesi mezununun sa\u011fl\u0131k sekt\u00f6r\u00fcyle ilgili kamu makamlar\u0131 i\u00e7in \u00e7al\u0131\u015fma taahh\u00fcd\u00fcne ili\u015fkin yasama tasla\u011f\u0131 tasla\u011f\u0131n\u0131 g\u00f6r\u00fc\u015ft\u00fc.<\/p>\n<p style=\"text-align: justify;\">Kabine, Sanayi Bakan\u0131 Ziad Sabba\u011f&#8217;\u0131n Hama&#8217;daki Demir ve \u00c7elik \u00dcr\u00fcnleri Genel \u015eirketi yat\u0131r\u0131m\u0131n\u0131n ger\u00e7ekli\u011fi, \u00e7al\u0131\u015fma plan\u0131 ve yerel pazardaki rol\u00fc hakk\u0131nda bir sunumunu dinledi.<\/p>\n<p style=\"text-align: justify;\">Kabine, bakanl\u0131klardan ve ilgili makamlardan, mevcut hava ko\u015fullar\u0131ndan kaynaklanabilecek yang\u0131nlara h\u0131zl\u0131 bir \u015fekilde m\u00fcdahale etmek i\u00e7in ortak \u00e7abalar\u0131 g\u00fc\u00e7lendirmelerini ve ihtiyati tedbirler almalar\u0131n\u0131 istedi.<\/p>\n<p style=\"text-align: justify;\">Su Kaynaklar\u0131 Bakan\u0131 Dr. Temmam Raad, kabine toplant\u0131s\u0131n\u0131n ard\u0131ndan gazetecilere yapt\u0131\u011f\u0131 a\u00e7\u0131klamada, Cumhurba\u015fkan\u0131 Be\u015f\u015far Esad&#8217;\u0131n Halep ilindeki bir dizi projenin desteklenmesini y\u00f6netti\u011fini ve Bakanlar Kurulu&#8217;nun bug\u00fcn tamamlanmas\u0131n\u0131 onaylad\u0131\u011f\u0131n\u0131 s\u00f6yledi. Su Kaynaklar\u0131 Bakanl\u0131\u011f\u0131&#8217;na \u00fc\u00e7 projeden.. \u0130lk proje, i\u015flerin tamamlanmas\u0131 i\u00e7in 2,9 milyar lira ayr\u0131ld\u0131\u011f\u0131n\u0131 s\u00f6yledi.<\/p>\n<p style=\"text-align: justify;\">Kabine ayr\u0131ca, planlanana g\u00f6re bu projenin bir b\u00f6l\u00fcm\u00fcn\u00fc uygulamak i\u00e7in yakla\u015f\u0131k 54 yerle\u015fimi sulayan ve 2023&#8217;te hizmete girecek olan Cib Gab\u015fa Al Sin projesine 2 milyar Suriye liras\u0131 eklenmesini de onaylad\u0131.<\/p>\n<p style=\"text-align: justify;\">Y\u00fcksek \u00d6\u011frenim ve Bilimsel Ara\u015ft\u0131rma Bakan\u0131 Dr. Bessam \u0130brahim, Bakanlar Kurulu&#8217;nun bug\u00fcn, t\u0131p fak\u00fcltesi mezunlar\u0131ndan (\u00fcniversite veya ilk lisans\u00fcst\u00fc e\u011fitim) bir b\u00f6l\u00fcm\u00fcn t\u0131p fak\u00fcltesi mezunlar\u0131 i\u00e7in \u00e7al\u0131\u015fmak \u00fczere taahh\u00fct edilmesine y\u00f6nelik yasama tasla\u011f\u0131 tasla\u011f\u0131n\u0131 tart\u0131\u015ft\u0131\u011f\u0131n\u0131 s\u00f6yledi.<\/p>\n<p style=\"text-align: justify;\">Y\u00fcksek \u00d6\u011frenim Bakan\u0131, t\u0131p ve sa\u011fl\u0131k enstit\u00fcleri, sa\u011fl\u0131k bilimleri y\u00fcksekokullar\u0131 ve ayr\u0131ca hem\u015firelik y\u00fcksekokullar\u0131ndan ilk mezunlar\u0131n kabul oran\u0131n\u0131n y\u00fczde 3&#8217;ten y\u00fczde 10&#8217;a \u00e7\u0131kar\u0131larak T\u0131p Fak\u00fcltesi&#8217;ne kabul edilmeleri ko\u015fuluyla y\u00fczde 10&#8217;a \u00e7\u0131kar\u0131laca\u011f\u0131n\u0131 da s\u00f6zlerine ekledi.<\/p>\n<p style=\"text-align: justify;\">\u00dc\u00e7\u00fcnc\u00fc dilimin ise T\u0131p Fak\u00fcltesi&#8217;nden lisans alm\u0131\u015f ve belirli bir uzmanl\u0131k alan\u0131nda uzmanla\u015fmak isteyenler olaca\u011f\u0131n\u0131, ortalama oranlar\u0131n\u0131n kendileri i\u00e7in bunu sa\u011flamad\u0131\u011f\u0131n\u0131 ve bu nedenle taahh\u00fct kar\u015f\u0131l\u0131\u011f\u0131nda kabul edileceklerini a\u00e7\u0131klad\u0131. Sa\u011fl\u0131k Bakanl\u0131\u011f\u0131 ile koordineli olarak devletin t\u00fcm bakanl\u0131klar\u0131ndaki hastane ve sa\u011fl\u0131k ocaklar\u0131nda \u00e7al\u0131\u015fmalar\u0131 i\u00e7in zorunlu hizmet dahil olmak \u00fczere 10 y\u0131ll\u0131k bir s\u00fcreyi kapsayan ve kendi \u00e7al\u0131\u015fma alan\u0131na giren bu uzmanl\u0131kla ilgili olan bu projenin \u00f6neminin, sa\u011fl\u0131k sekt\u00f6r\u00fcne ve \u00f6\u011frenci \u00e7ocuklara hizmet vermekte olup, Y\u00fcksek\u00f6\u011fretim ve Bilimsel Ara\u015ft\u0131rma Bakanl\u0131\u011f\u0131 taraf\u0131ndan d\u00fczenlenen, aralar\u0131ndaki farkl\u0131la\u015fmaya g\u00f6re kabul edildi\u011fi i\u00e7in, ortalamalar\u0131 ba\u015flang\u0131\u00e7ta T\u0131p Fak\u00fcltesine girmelerine izin vermeyen \u00f6\u011frencilerin \u00f6n\u00fcn\u00fc a\u00e7maktad\u0131r.<\/p>\n<p style=\"text-align: justify;\">\n","protected":false},"excerpt":{"rendered":"<p>\u015eAM &#8211; Cumhurba\u015fkan\u0131 Be\u015f\u015far Esad&#8217;\u0131n y\u00f6nlendirmeleriyle, Bakanlar Kurulu, cari y\u0131l boyunca uygulamalar\u0131n\u0131 tamamlamak i\u00e7in bir grup hayati hizmet ve kalk\u0131nma projesini finanse etmek ve Halep ve k\u0131rsal\u0131nda hizmet ger\u00e7ekli\u011fini iyile\u015ftirecek ve \u015fehirdeki ekonomik kalk\u0131nmay\u0131 art\u0131racak kredi eklenmesini onaylad\u0131. Kabine taraf\u0131ndan bug\u00fcn M\u00fchendis H\u00fcseyin Arnus ba\u015fkanl\u0131\u011f\u0131ndaki haftal\u0131k oturumunda onaylanan projeler aras\u0131nda, g\u00fcney Halep ovalar\u0131n\u0131n 4.400 hektar\u0131n\u0131n &hellip;<\/p>\n","protected":false},"author":1,"featured_media":259151,"comment_status":"closed","ping_status":"closed","sticky":false,"template":"","format":"standard","meta":{"footnotes":""},"categories":[479,17988,478],"tags":[],"class_list":["post-259150","post","type-post","status-publish","format-standard","has-post-thumbnail","","category-haberler-yerel","category-son-haberler","category-yerel"],"_links":{"self":[{"href":"https:\/\/archive.sana.sy\/tr\/index.php?rest_route=\/wp\/v2\/posts\/259150","targetHints":{"allow":["GET"]}}],"collection":[{"href":"https:\/\/archive.sana.sy\/tr\/index.php?rest_route=\/wp\/v2\/posts"}],"about":[{"href":"https:\/\/archive.sana.sy\/tr\/index.php?rest_route=\/wp\/v2\/types\/post"}],"author":[{"embeddable":true,"href":"https:\/\/archive.sana.sy\/tr\/index.php?rest_route=\/wp\/v2\/users\/1"}],"replies":[{"embeddable":true,"href":"https:\/\/archive.sana.sy\/tr\/index.php?rest_route=%2Fwp%2Fv2%2Fcomments&post=259150"}],"version-history":[{"count":0,"href":"https:\/\/archive.sana.sy\/tr\/index.php?rest_route=\/wp\/v2\/posts\/259150\/revisions"}],"wp:featuredmedia":[{"embeddable":true,"href":"https:\/\/archive.sana.sy\/tr\/index.php?rest_route=\/wp\/v2\/media\/259151"}],"wp:attachment":[{"href":"https:\/\/archive.sana.sy\/tr\/index.php?rest_route=%2Fwp%2Fv2%2Fmedia&parent=259150"}],"wp:term":[{"taxonomy":"category","embeddable":true,"href":"https:\/\/archive.sana.sy\/tr\/index.php?rest_route=%2Fwp%2Fv2%2Fcategories&post=259150"},{"taxonomy":"post_tag","embeddable":true,"href":"https:\/\/archive.sana.sy\/tr\/index.php?rest_route=%2Fwp%2Fv2%2Ftags&post=259150"}],"curies":[{"name":"wp","href":"https:\/\/api.w.org\/{rel}","templated":true}]}}