{"id":259159,"date":"2022-07-19T23:24:15","date_gmt":"2022-07-19T20:24:15","guid":{"rendered":"http:\/\/107.6.182.27\/tr\/?p=259159"},"modified":"2022-07-21T08:25:19","modified_gmt":"2022-07-21T05:25:19","slug":"baskan-ve-putin-suriyenin-egemenligine-bagimsizligina-toprak-butunlugune-ve-krize-siyasi-cozume-baglilik","status":"publish","type":"post","link":"https:\/\/archive.sana.sy\/tr\/?p=259159","title":{"rendered":"Ba\u015fkan ve Putin: Suriye&#8217;nin Egemenli\u011fine, Ba\u011f\u0131ms\u0131zl\u0131\u011f\u0131na, Toprak B\u00fct\u00fcnl\u00fc\u011f\u00fcne Ve Krize Siyasi \u00c7\u00f6z\u00fcme Ba\u011fl\u0131l\u0131k"},"content":{"rendered":"<p>TAHRAN \u2013 \u0130ran ve Rusya Ba\u015fkanlar\u0131 \u0130brahim Raisi ve Vladimir Putin, Suriye&#8217;nin egemenli\u011fine, ba\u011f\u0131ms\u0131zl\u0131\u011f\u0131na ve toprak b\u00fct\u00fcnl\u00fc\u011f\u00fcne ba\u011fl\u0131 kalma gere\u011fini yeniden teyit ederek, Suriye&#8217;nin tek ba\u015f\u0131na \u00fclkelerinin gelece\u011fini herhangi bir d\u0131\u015f m\u00fcdahale olmaks\u0131z\u0131n belirleyece\u011fini s\u00f6yledi.<\/p>\n<p>Ba\u015fkanlar zirvesinde konu\u015fmada bulunan Raisi, &#8220;Garant\u00f6r \u00fclkeler Rusya, \u0130ran ve T\u00fcrkiye aras\u0131nda Suriye konusunda daha \u00f6nce imzalanan anla\u015fmalar\u0131n uygulanmas\u0131n\u0131n \u00f6nemini vurguluyor ve \u00fclkedeki siyasi \u00e7\u00f6z\u00fcme ve ter\u00f6rle tamamen ortadan kald\u0131r\u0131l\u0131ncaya kadar m\u00fccadeleye deste\u011fimizi duyuruyoruz&#8221; dedi.<\/p>\n<p>Raisi, &#8220;Suriye&#8217;nin egemenli\u011fi ve toprak b\u00fct\u00fcnl\u00fc\u011f\u00fcn\u00fcn yan\u0131 s\u0131ra Suriyelilerin \u00fclkelerinin gelece\u011fini herhangi bir d\u0131\u015f m\u00fcdahale olmaks\u0131z\u0131n belirleme hakk\u0131n\u0131 yineliyoruz ve bu toplant\u0131n\u0131n Suriye&#8217;nin istikrar\u0131n\u0131 art\u0131racak arzu edilen sonu\u00e7lara ula\u015fmas\u0131n\u0131 umuyoruz&#8221; dedi. \u0130ran Ba\u015fkan\u0131 bu ba\u011flamda, Bat\u0131l\u0131 devletlerin siyasi planlar\u0131n\u0131 ger\u00e7ekle\u015ftirmek i\u00e7in Suriye&#8217;ye ambargo uygulad\u0131\u011f\u0131n\u0131 ve bu yapt\u0131r\u0131mlar\u0131n uluslararas\u0131 hukuka ve devletlerin egemenli\u011fine ayk\u0131r\u0131 oldu\u011funu da s\u00f6yledi.<\/p>\n<p>Raisi ary\u0131ca, Suriye halk\u0131na ve devletine verdi\u011fimiz deste\u011fi s\u00fcrd\u00fcrece\u011fimizi teyit ediyor ve Siyonist varl\u0131\u011f\u0131n Suriye topraklar\u0131nda tekrarlanan sald\u0131r\u0131lar\u0131n\u0131 k\u0131n\u0131yoruz\u201d dedi.<\/p>\n<p>\u00d6te yandan Ba\u015fkan Putin, Rusya&#8217;n\u0131n Suriye&#8217;nin egemenli\u011fine, toprak b\u00fct\u00fcnl\u00fc\u011f\u00fcne ve s\u0131n\u0131rlar\u0131n\u0131n g\u00fcvenli\u011fine sayg\u0131 ile temsil edilen ilkelere ba\u011fl\u0131 oldu\u011funu s\u00f6yledi.<\/p>\n<p>Rusya Ba\u015fkan\u0131 ayr\u0131ca, &#8220;Rusya, ba\u015fta Bat\u0131l\u0131 \u00fclkelerin deste\u011fiyle devletin kontrol\u00fc d\u0131\u015f\u0131nda kalan b\u00f6lgelerin, en ba\u015fta da ara\u00e7lar\u0131yla birlikte Suriye&#8217;nin do\u011fal kaynaklar\u0131n\u0131 ya\u011fmalamaya devam eden ABD&#8217;nin varl\u0131\u011f\u0131ndan endi\u015fe duyuyor&#8221; ifadeleri s\u00f6zlerine ekledi.<\/p>\n<p>P.M.<\/p>\n<p><a class=\"oajrlxb2 g5ia77u1 qu0x051f esr5mh6w e9989ue4 r7d6kgcz rq0escxv nhd2j8a9 nc684nl6 p7hjln8o kvgmc6g5 cxmmr5t8 oygrvhab hcukyx3x jb3vyjys rz4wbd8a qt6c0cv9 a8nywdso i1ao9s8h esuyzwwr f1sip0of lzcic4wl gpro0wi8 q66pz984 b1v8xokw\" tabindex=\"0\" role=\"link\" href=\"https:\/\/www.facebook.com\/hashtag\/telegram_kanal%C4%B1m%C4%B1z?__eep__=6&amp;__cft__[0]=AZVJ5JaozhhSu7LzQOiEqFmG5HDuO3UT1ZzEt0tiDCbYZVVRp4Q25z5LQEnqIaykiK2x0oy_-SgMYOWqbysCkEoXONvdhac2fjnj4fXjQGeIWWaPX8Sb8_Bvh1hbhgKoE9lV4BKDFocyHL2ikn9yLjJ0WP_BIcQmjztxqb0e84IUDQ&amp;__tn__=*NK-R\">#Telegram_Kanal\u0131m\u0131z<\/a>: <a class=\"oajrlxb2 g5ia77u1 qu0x051f esr5mh6w e9989ue4 r7d6kgcz rq0escxv nhd2j8a9 nc684nl6 p7hjln8o kvgmc6g5 cxmmr5t8 oygrvhab hcukyx3x jb3vyjys rz4wbd8a qt6c0cv9 a8nywdso i1ao9s8h esuyzwwr f1sip0of lzcic4wl gpro0wi8 py34i1dx\" tabindex=\"0\" role=\"link\" href=\"https:\/\/t.me\/SuriyeArapHaberAjans?fbclid=IwAR2P3Iul5uvokmkCCsLunnLPS1mPl3zZw7dt4_HpKTpu4srqQE3SJ4NJrhA\" target=\"_blank\" rel=\"nofollow noopener\">https:\/\/t.me\/SuriyeArapHaberAjans<\/a><\/p>\n","protected":false},"excerpt":{"rendered":"<p>TAHRAN \u2013 \u0130ran ve Rusya Ba\u015fkanlar\u0131 \u0130brahim Raisi ve Vladimir Putin, Suriye&#8217;nin egemenli\u011fine, ba\u011f\u0131ms\u0131zl\u0131\u011f\u0131na ve toprak b\u00fct\u00fcnl\u00fc\u011f\u00fcne ba\u011fl\u0131 kalma gere\u011fini yeniden teyit ederek, Suriye&#8217;nin tek ba\u015f\u0131na \u00fclkelerinin gelece\u011fini herhangi bir d\u0131\u015f m\u00fcdahale olmaks\u0131z\u0131n belirleyece\u011fini s\u00f6yledi. Ba\u015fkanlar zirvesinde konu\u015fmada bulunan Raisi, &#8220;Garant\u00f6r \u00fclkeler Rusya, \u0130ran ve T\u00fcrkiye aras\u0131nda Suriye konusunda daha \u00f6nce imzalanan anla\u015fmalar\u0131n uygulanmas\u0131n\u0131n \u00f6nemini &hellip;<\/p>\n","protected":false},"author":1,"featured_media":259160,"comment_status":"closed","ping_status":"closed","sticky":false,"template":"","format":"standard","meta":{"footnotes":""},"categories":[458,459,17988],"tags":[],"class_list":["post-259159","post","type-post","status-publish","format-standard","has-post-thumbnail","","category-dunya1","category-haberler-arap-uluslararasi-politika","category-son-haberler"],"_links":{"self":[{"href":"https:\/\/archive.sana.sy\/tr\/index.php?rest_route=\/wp\/v2\/posts\/259159","targetHints":{"allow":["GET"]}}],"collection":[{"href":"https:\/\/archive.sana.sy\/tr\/index.php?rest_route=\/wp\/v2\/posts"}],"about":[{"href":"https:\/\/archive.sana.sy\/tr\/index.php?rest_route=\/wp\/v2\/types\/post"}],"author":[{"embeddable":true,"href":"https:\/\/archive.sana.sy\/tr\/index.php?rest_route=\/wp\/v2\/users\/1"}],"replies":[{"embeddable":true,"href":"https:\/\/archive.sana.sy\/tr\/index.php?rest_route=%2Fwp%2Fv2%2Fcomments&post=259159"}],"version-history":[{"count":0,"href":"https:\/\/archive.sana.sy\/tr\/index.php?rest_route=\/wp\/v2\/posts\/259159\/revisions"}],"wp:featuredmedia":[{"embeddable":true,"href":"https:\/\/archive.sana.sy\/tr\/index.php?rest_route=\/wp\/v2\/media\/259160"}],"wp:attachment":[{"href":"https:\/\/archive.sana.sy\/tr\/index.php?rest_route=%2Fwp%2Fv2%2Fmedia&parent=259159"}],"wp:term":[{"taxonomy":"category","embeddable":true,"href":"https:\/\/archive.sana.sy\/tr\/index.php?rest_route=%2Fwp%2Fv2%2Fcategories&post=259159"},{"taxonomy":"post_tag","embeddable":true,"href":"https:\/\/archive.sana.sy\/tr\/index.php?rest_route=%2Fwp%2Fv2%2Ftags&post=259159"}],"curies":[{"name":"wp","href":"https:\/\/api.w.org\/{rel}","templated":true}]}}