{"id":259169,"date":"2022-07-19T23:36:13","date_gmt":"2022-07-19T20:36:13","guid":{"rendered":"http:\/\/107.6.182.27\/tr\/?p=259169"},"modified":"2022-07-21T08:25:32","modified_gmt":"2022-07-21T05:25:32","slug":"haminei-putin-ile-gorusmesinde-suriye-topraklarina-yonelik-her-turlu-saldiri-durdurulmali","status":"publish","type":"post","link":"https:\/\/archive.sana.sy\/tr\/?p=259169","title":{"rendered":"Haminei, Putin ile g\u00f6r\u00fc\u015fmesinde: Suriye topraklar\u0131na y\u00f6nelik her t\u00fcrl\u00fc sald\u0131r\u0131 durdurulmal\u0131"},"content":{"rendered":"<p>TAHRAN &#8211; \u0130ran \u0130slam Devrimi Lideri \u0130mam Seyyid Ali Haminei, \u00fclkesinin Suriye topraklar\u0131na y\u00f6nelik herhangi bir sald\u0131rganl\u0131\u011f\u0131 reddetti\u011fini ve bunu \u00f6nlemenin gereklili\u011fini yinelerken, Rusya Devlet Ba\u015fkan\u0131 Vladimir Putin, Suriye Devletinin Suriyeni el Cezire b\u00f6lgesini kontrol alt\u0131na almas\u0131 gere\u011fini vurgulad\u0131.<\/p>\n<p>D\u00fcn Tahran&#8217;da Devlet Ba\u015fkan\u0131 Putin ile yapt\u0131\u011f\u0131 g\u00f6r\u00fc\u015fmede Ayetullah Haminei, Suriye&#8217;deki krize siyasi bir \u00e7\u00f6z\u00fcm\u00fcn son derece \u00f6nemli oldu\u011funu ve kendi topraklar\u0131nda herhangi bir sald\u0131rganl\u0131\u011f\u0131n \u00f6nlenmesi gerekti\u011fini s\u00f6yledi ve ABD i\u015fgalinin Suriye&#8217;nin verimli ve petrol zengini topraklar\u0131ndan at\u0131lmas\u0131 gerekti\u011fini vurgulad\u0131.<\/p>\n<p>Haminei, k\u00fcresel olaylar\u0131n \u0130ran ve Rusya&#8217;n\u0131n kar\u015f\u0131l\u0131kl\u0131 i\u015fbirli\u011fini art\u0131rma ihtiyac\u0131n\u0131 g\u00f6sterdi\u011fini vurgulayarak, Bat\u0131&#8217;n\u0131n aldat\u0131c\u0131 politikalar\u0131na kar\u015f\u0131 uyan\u0131k olunmas\u0131 \u00e7a\u011fr\u0131s\u0131nda bulundu.<\/p>\n<p>Ukrayna&#8217;daki olaylarla ilgili olarak Haminei, Bat\u0131&#8217;n\u0131n Rusya&#8217;n\u0131n g\u00fc\u00e7l\u00fc ve ba\u011f\u0131ms\u0131z olmas\u0131na kesinlikle kar\u015f\u0131 oldu\u011funu vurgulayarak, NATO&#8217;nun s\u0131n\u0131r tan\u0131mayan tehlikeli bir blok oldu\u011funu ve Ukrayna&#8217;da durdurulmamas\u0131 halinde daha sonra K\u0131r\u0131m&#8217;daki olaylar\u0131n bahanesiyle sava\u015fa ba\u015flayaca\u011f\u0131 uyar\u0131s\u0131nda bulundu.<\/p>\n<p>Haminei, Amerika ve Bat\u0131&#8217;n\u0131n art\u0131k eskisinden daha zay\u0131f oldu\u011funu ve \u00e7abalar\u0131na ra\u011fmen Suriye, Irak, L\u00fcbnan ve Filistin de dahil olmak \u00fczere b\u00f6lgemizde politikalar\u0131n\u0131n ba\u015far\u0131l\u0131 olma olas\u0131l\u0131\u011f\u0131n\u0131n b\u00fcy\u00fck \u00f6l\u00e7\u00fcde azald\u0131\u011f\u0131n\u0131 a\u00e7\u0131k\u00e7a belirtti.<\/p>\n<p>\u0130ran \u0130slam Devrimi Lideri, Siyonist varl\u0131\u011f\u0131n b\u00f6lge i\u015flerine m\u00fcdahalesini k\u0131nad\u0131.<\/p>\n<p>\u0130ran \u0130slam Devrimi Lideri, iki \u00fclke aras\u0131nda petrol ve gaz sekt\u00f6r\u00fc de dahil olmak \u00fczere bir\u00e7ok anlay\u0131\u015f ve anla\u015fman\u0131n oldu\u011funa i\u015faret ederek, \u0130ran ve Rusya aras\u0131nda derin bir \u015fekilde uzun vadeli i\u015fbirli\u011fi \u00e7a\u011fr\u0131s\u0131nda bulundu.<\/p>\n<p>Tahran ve Moskova aras\u0131ndaki ekonomik i\u015fbirli\u011finin, \u00f6zellikle Bat\u0131 ambargosu sonras\u0131nda, gerekli ve her ikisinin de \u00e7\u0131kar\u0131na oldu\u011funu vurgulayarak, sonuna kadar uygulanmal\u0131 ve takip edilmelidir diyerek iki \u00fclkenin, Bat\u0131&#8217;n\u0131n aldatmacas\u0131na kar\u015f\u0131 uyan\u0131k olunmas\u0131 \u00e7a\u011fr\u0131s\u0131nda bulundu.<\/p>\n<p><span style=\"color: #0000ff;\">Putin: Kuzey Suriye&#8217;ye herhangi bir askeri sald\u0131r\u0131ya kar\u015f\u0131y\u0131z<\/span><\/p>\n<p>\u0130ran Cumhurba\u015fkan\u0131 \u0130brahim Reisi&#8217;nin de kat\u0131ld\u0131\u011f\u0131 toplant\u0131da Rusya Devlet Ba\u015fkan\u0131, \u00fclkesinin ve \u0130ran&#8217;\u0131n Suriye&#8217;de ter\u00f6rle ortak m\u00fccadele etti\u011fini vurgulad\u0131 ve iki \u00fclkenin Suriye dosyas\u0131ndaki tutumlar\u0131n\u0131n ayn\u0131 oldu\u011funa ve herhangi bir askeri sald\u0131r\u0131ya kar\u015f\u0131 \u00e7\u0131kmad\u0131\u011f\u0131na dikkat \u00e7ekti.<\/p>\n<p>Suriye Arap Ordusu&#8217;nun Suriye&#8217;nin el Cezire bolgesi \u00fczerindeki kontrol\u00fcn\u00fc geri getirmenin gereklili\u011fini vurgulad\u0131. G\u00f6r\u00fc\u015fmede Rusya Devlet Ba\u015fkan\u0131, Rusya ve Ukrayna aras\u0131ndaki farkl\u0131l\u0131klar\u0131n k\u00f6kenlerini, \u00f6zellikle son y\u0131llarda Ukrayna&#8217;daki darbe de dahil olmak \u00fczere Bat\u0131 ve Amerika&#8217;n\u0131n k\u0131\u015fk\u0131rt\u0131c\u0131 eylemlerinin yan\u0131 s\u0131ra NATO&#8217;nun geni\u015fleme politikas\u0131n\u0131 sundu, Avrupa \u00fclkelerinin de bunu yapt\u0131klar\u0131n\u0131 belirtti.<\/p>\n<p>Ukrayna&#8217;n\u0131n NATO \u00fcyeli\u011fine kar\u015f\u0131yd\u0131lar, ancak Amerikan bask\u0131s\u0131 alt\u0131nda bunu kabul ettiler, bu da Ukrayna&#8217;n\u0131n egemenlik ve ba\u011f\u0131ms\u0131zl\u0131k eksikli\u011fini g\u00f6sterirken, kimsenin sava\u015f\u0131 ve s\u0131radan insanlar\u0131n hayatlar\u0131n\u0131 kaybetmesini desteklemedi\u011fini, ancak Bat\u0131&#8217;n\u0131n davran\u0131\u015f\u0131n\u0131n Moskova&#8217;ya ba\u015fka se\u00e7enek b\u0131rakmad\u0131\u011f\u0131n\u0131 belirtti.<\/p>\n<p>Putin, T\u00fcmgeneral Kas\u0131m S\u00fcleymani&#8217;nin \u00f6ld\u00fcr\u00fclmesinin Amerikal\u0131lar\u0131n k\u00f6t\u00fcl\u00fcklerinin bir ba\u015fka \u00f6rne\u011fi oldu\u011funa dikkat \u00e7ekerek, Bat\u0131&#8217;n\u0131n Rusya&#8217;ya y\u00f6nelik yapt\u0131r\u0131mlar\u0131n\u0131n Bat\u0131&#8217;ya zarar verdi\u011fini ve bunun sonucunda y\u00fcksek petrol fiyatlar\u0131 ve g\u0131da arz\u0131 krizi gibi sorunlar ya\u015fand\u0131\u011f\u0131na dikkat \u00e7ekti.<\/p>\n<p>ABD&#8217;nin dolar arac\u0131n\u0131 di\u011fer \u00fclkeleri yasaklamak ve ya\u011fmalamak i\u00e7in k\u00f6t\u00fcye kullanmas\u0131na dikkat \u00e7eken Putin, bu konunun kendilerine zarar verdi\u011fini ve bu para birimine olan k\u00fcresel g\u00fcveni zay\u0131flatt\u0131\u011f\u0131n\u0131 vurgulayarak, Rusya ve \u0130ran&#8217;\u0131n iki \u00fclke aras\u0131ndaki ili\u015fkilerde ulusal para birimlerini kullanman\u0131n yollar\u0131n\u0131 tasarlad\u0131\u011f\u0131n\u0131 ortaya koydu.<\/p>\n<p>Putin, iki \u00fclke aras\u0131ndaki t\u00fcm sekt\u00f6rlerde ve projelerde i\u015fbirli\u011finin ilerledi\u011fini ve askeri alanda da iki \u00fclke aras\u0131nda i\u015fbirli\u011finin yan\u0131 s\u0131ra \u00c7in ile \u00fc\u00e7l\u00fc i\u015fbirli\u011fi ve manevralar\u0131 geli\u015ftirmeye \u00e7al\u0131\u015ft\u0131klar\u0131n\u0131 dile getirdi.<\/p>\n<p><a class=\"oajrlxb2 g5ia77u1 qu0x051f esr5mh6w e9989ue4 r7d6kgcz rq0escxv nhd2j8a9 nc684nl6 p7hjln8o kvgmc6g5 cxmmr5t8 oygrvhab hcukyx3x jb3vyjys rz4wbd8a qt6c0cv9 a8nywdso i1ao9s8h esuyzwwr f1sip0of lzcic4wl gpro0wi8 q66pz984 b1v8xokw\" tabindex=\"0\" role=\"link\" href=\"https:\/\/www.facebook.com\/hashtag\/telegram_kanal%C4%B1m%C4%B1z?__eep__=6&amp;__cft__[0]=AZVJ5JaozhhSu7LzQOiEqFmG5HDuO3UT1ZzEt0tiDCbYZVVRp4Q25z5LQEnqIaykiK2x0oy_-SgMYOWqbysCkEoXONvdhac2fjnj4fXjQGeIWWaPX8Sb8_Bvh1hbhgKoE9lV4BKDFocyHL2ikn9yLjJ0WP_BIcQmjztxqb0e84IUDQ&amp;__tn__=*NK-R\">#Telegram_Kanal\u0131m\u0131z<\/a>: <a class=\"oajrlxb2 g5ia77u1 qu0x051f esr5mh6w e9989ue4 r7d6kgcz rq0escxv nhd2j8a9 nc684nl6 p7hjln8o kvgmc6g5 cxmmr5t8 oygrvhab hcukyx3x jb3vyjys rz4wbd8a qt6c0cv9 a8nywdso i1ao9s8h esuyzwwr f1sip0of lzcic4wl gpro0wi8 py34i1dx\" tabindex=\"0\" role=\"link\" href=\"https:\/\/t.me\/SuriyeArapHaberAjans?fbclid=IwAR2P3Iul5uvokmkCCsLunnLPS1mPl3zZw7dt4_HpKTpu4srqQE3SJ4NJrhA\" target=\"_blank\" rel=\"nofollow noopener\">https:\/\/t.me\/SuriyeArapHaberAjans<\/a><\/p>\n","protected":false},"excerpt":{"rendered":"<p>TAHRAN &#8211; \u0130ran \u0130slam Devrimi Lideri \u0130mam Seyyid Ali Haminei, \u00fclkesinin Suriye topraklar\u0131na y\u00f6nelik herhangi bir sald\u0131rganl\u0131\u011f\u0131 reddetti\u011fini ve bunu \u00f6nlemenin gereklili\u011fini yinelerken, Rusya Devlet Ba\u015fkan\u0131 Vladimir Putin, Suriye Devletinin Suriyeni el Cezire b\u00f6lgesini kontrol alt\u0131na almas\u0131 gere\u011fini vurgulad\u0131. D\u00fcn Tahran&#8217;da Devlet Ba\u015fkan\u0131 Putin ile yapt\u0131\u011f\u0131 g\u00f6r\u00fc\u015fmede Ayetullah Haminei, Suriye&#8217;deki krize siyasi bir \u00e7\u00f6z\u00fcm\u00fcn son &hellip;<\/p>\n","protected":false},"author":39,"featured_media":259170,"comment_status":"closed","ping_status":"closed","sticky":false,"template":"","format":"standard","meta":{"footnotes":""},"categories":[458,459,17988],"tags":[],"class_list":["post-259169","post","type-post","status-publish","format-standard","has-post-thumbnail","","category-dunya1","category-haberler-arap-uluslararasi-politika","category-son-haberler"],"_links":{"self":[{"href":"https:\/\/archive.sana.sy\/tr\/index.php?rest_route=\/wp\/v2\/posts\/259169","targetHints":{"allow":["GET"]}}],"collection":[{"href":"https:\/\/archive.sana.sy\/tr\/index.php?rest_route=\/wp\/v2\/posts"}],"about":[{"href":"https:\/\/archive.sana.sy\/tr\/index.php?rest_route=\/wp\/v2\/types\/post"}],"author":[{"embeddable":true,"href":"https:\/\/archive.sana.sy\/tr\/index.php?rest_route=\/wp\/v2\/users\/39"}],"replies":[{"embeddable":true,"href":"https:\/\/archive.sana.sy\/tr\/index.php?rest_route=%2Fwp%2Fv2%2Fcomments&post=259169"}],"version-history":[{"count":0,"href":"https:\/\/archive.sana.sy\/tr\/index.php?rest_route=\/wp\/v2\/posts\/259169\/revisions"}],"wp:featuredmedia":[{"embeddable":true,"href":"https:\/\/archive.sana.sy\/tr\/index.php?rest_route=\/wp\/v2\/media\/259170"}],"wp:attachment":[{"href":"https:\/\/archive.sana.sy\/tr\/index.php?rest_route=%2Fwp%2Fv2%2Fmedia&parent=259169"}],"wp:term":[{"taxonomy":"category","embeddable":true,"href":"https:\/\/archive.sana.sy\/tr\/index.php?rest_route=%2Fwp%2Fv2%2Fcategories&post=259169"},{"taxonomy":"post_tag","embeddable":true,"href":"https:\/\/archive.sana.sy\/tr\/index.php?rest_route=%2Fwp%2Fv2%2Ftags&post=259169"}],"curies":[{"name":"wp","href":"https:\/\/api.w.org\/{rel}","templated":true}]}}