{"id":25918,"date":"2015-03-08T15:17:18","date_gmt":"2015-03-08T13:17:18","guid":{"rendered":"http:\/\/www.sana.sy\/tr\/?p=25918"},"modified":"2015-03-08T15:17:18","modified_gmt":"2015-03-08T13:17:18","slug":"isid-saflarindaki-tum-turkiyeli-teroristler-akp-rejiminin-bilgisi-ve-destegi-ile-bulunuyor","status":"publish","type":"post","link":"https:\/\/archive.sana.sy\/tr\/?p=25918","title":{"rendered":"I\u015e\u0130D Saflar\u0131ndaki T\u00fcm T\u00fcrkiyeli Ter\u00f6ristler AKP Rejiminin Bilgisi ve Deste\u011fi \u0130le Bulunuyor"},"content":{"rendered":"<p>ANKARA \u2013 Suriye&#8217;de bir\u00e7ok b\u00f6lgede insanl\u0131k d\u0131\u015f\u0131 ter\u00f6r eylemlerine kat\u0131ld\u0131\u011f\u0131 s\u0131rada yaralanmas\u0131 ard\u0131ndan T\u00fcrkiye&#8217;de tedavi g\u00f6ren I\u015e\u0130D\u2019li T\u00fcrkiyeli ter\u00f6rist Emrah \u00c7akan T\u00fcrkiye&#8217;deki AKP iktidar\u0131n\u0131n sadece s\u00f6zde \u0131l\u0131ml\u0131 muhalifleri de\u011fil, tarihin tan\u0131k oldu\u011fu en radikal ve en vah\u015fi ter\u00f6r \u00f6rg\u00fct\u00fc I\u015e\u0130D\u2019i de destekledi\u011fine ili\u015fkin yeni kan\u0131tlar ortaya koydu.<\/p>\n<p>T\u00fcrkiyeli ter\u00f6rist \u00c7akar Suriye&#8217;de u\u00e7aksavar silahlar\u0131 \u00fczerine e\u011fitim almas\u0131 ard\u0131ndan Suriye ve Irak\u2019ta I\u015e\u0130D saflar\u0131nda \u00e7ok say\u0131da ter\u00f6r eylemlerine kat\u0131ld\u0131\u011f\u0131n\u0131 anlatt\u0131. Suriye&#8217;de tank mermisinin \u015farapneliyle yaralanmas\u0131 ard\u0131ndan T\u00fcrkiye&#8217;ye kald\u0131r\u0131ld\u0131\u011f\u0131n\u0131 s\u00f6yleyen ter\u00f6rist \u00c7akan, \u00f6nce Antakya Hastanesinde iki g\u00fcn tedavi g\u00f6rd\u00fc\u011f\u00fcn\u00fc, ard\u0131ndan da Denizli\u2019deki Pamukkale \u00dcniversitesi Hastanesine kald\u0131r\u0131ld\u0131\u011f\u0131n\u0131 s\u00f6yledi.<\/p>\n<p>Suriye&#8217;de I\u015e\u0130D saflar\u0131ndaki y\u00fcksek say\u0131da T\u00fcrkiyeli ter\u00f6ristin bulundu\u011funa dikkat \u00e7eken \u00c7akan; t\u00fcm bunlar\u0131n AKP rejiminin bilgisi ve deste\u011fi ile Suriye&#8217;ye girip I\u015e\u0130D saflar\u0131nda sava\u015ft\u0131klar\u0131na vurgu yapt\u0131. Ter\u00f6rist \u00c7akan memleketi olan Denizli\u2019den de \u00e7ok say\u0131da T\u00fcrkiye vatanda\u015f\u0131n\u0131n I\u015e\u0130D saflar\u0131nda ter\u00f6r eylemlerine kat\u0131ld\u0131klar\u0131n\u0131 s\u00f6yledi.<\/p>\n<p>Denizli Haber Gazetesinin aktard\u0131\u011f\u0131 a\u00e7\u0131klamalar\u0131nda ter\u00f6rist \u00c7akan \u015f\u00f6yle konu\u015ftu: &#8220;8 ay \u00f6nce Suriye&#8217;ye gittim. Kamplarda e\u011fitim sorumlusu olarak g\u00f6revlendirildim. Say\u0131s\u0131zca \u00e7at\u0131\u015fmalara girdim. 18 g\u00fcn \u00f6nce Denizli&#8217;ye geri d\u00f6n\u00fcp ailemle helalle\u015ftim ve bir daha g\u00f6r\u00fc\u015femeyebilece\u011fimizi s\u00f6yledim. Tekrar Suriye&#8217;ye d\u00f6nd\u00fc\u011f\u00fcmde, Esad&#8217;\u0131 bitirmek i\u00e7in b\u00fcy\u00fck bir operasyona giri\u015ftik. \u00c7at\u0131\u015fmalar\u0131n ikinci g\u00fcn\u00fcnde tank mermisinden kopan \u015farapnelin baca\u011f\u0131ma saplanmas\u0131yla yaraland\u0131m ve T\u00fcrkiye&#8217;ye getirildim. Hatay Antakya&#8217;da 2 g\u00fcnl\u00fck tedavimin ard\u0131ndan Denizli&#8217;ye geldim ve burada tedavime ba\u015fland\u0131.&#8221;<\/p>\n<p>Suriye&#8217;ye gitti\u011finde &#8220;\u015feriat&#8221; ve Arap\u00e7a e\u011fitimi ald\u0131\u011f\u0131n\u0131 s\u00f6yleyen \u00c7akan, \u015funlar\u0131 aktard\u0131: &#8220;Bu e\u011fitimleri almayan cihada kat\u0131lamaz. Daha sonra e\u011fitim kamplar\u0131nda askeri e\u011fitim ald\u0131m. U\u00e7aksavar kullan\u0131yordum. Irak ve Suriye&#8217;de bir\u00e7ok b\u00f6lgede sava\u015ft\u0131m. Bizi en \u00e7ok u\u011fra\u015ft\u0131ran Rus M\u0130G u\u00e7aklar\u0131 ve Rus askeri helikopterleriydi. Bunlar\u0131 d\u00fc\u015f\u00fcrebilmek i\u00e7in \u00f6zellikle u\u011fra\u015f\u0131yorduk.&#8221;<\/p>\n<p>\u00d6te yandan hastanedeki g\u00fcvenlik g\u00f6revlilerinin Emrah \u00c7akan&#8217;\u0131n odas\u0131nda ve \u00e7evresinde yo\u011fun g\u00fcvenlik \u00f6nlemi ald\u0131\u011f\u0131 bilgisine ula\u015f\u0131ld\u0131. \u00c7akan hakk\u0131nda herhangi bir soru\u015fturma ba\u015flat\u0131l\u0131p ba\u015flat\u0131lmad\u0131\u011f\u0131 da bilinmiyor.<\/p>\n<p>Bu arada T\u00fcrkiyeli ter\u00f6rist \u00c7akan\u2019\u0131n uzun bir s\u00fcre I\u015e\u0130D \u00e7etelerine komutanl\u0131k yapt\u0131\u011f\u0131 bildirildi.<\/p>\n","protected":false},"excerpt":{"rendered":"<p>ANKARA \u2013 Suriye&#8217;de bir\u00e7ok b\u00f6lgede insanl\u0131k d\u0131\u015f\u0131 ter\u00f6r eylemlerine kat\u0131ld\u0131\u011f\u0131 s\u0131rada yaralanmas\u0131 ard\u0131ndan T\u00fcrkiye&#8217;de tedavi g\u00f6ren I\u015e\u0130D\u2019li T\u00fcrkiyeli ter\u00f6rist Emrah \u00c7akan T\u00fcrkiye&#8217;deki AKP iktidar\u0131n\u0131n sadece s\u00f6zde \u0131l\u0131ml\u0131 muhalifleri de\u011fil, tarihin tan\u0131k oldu\u011fu en radikal ve en vah\u015fi ter\u00f6r \u00f6rg\u00fct\u00fc I\u015e\u0130D\u2019i de destekledi\u011fine ili\u015fkin yeni kan\u0131tlar ortaya koydu. T\u00fcrkiyeli ter\u00f6rist \u00c7akar Suriye&#8217;de u\u00e7aksavar silahlar\u0131 \u00fczerine e\u011fitim &hellip;<\/p>\n","protected":false},"author":1,"featured_media":25919,"comment_status":"closed","ping_status":"closed","sticky":false,"template":"","format":"standard","meta":{"footnotes":""},"categories":[458,459,447,2554,2555],"tags":[12314,12315],"class_list":["post-25918","post","type-post","status-publish","format-standard","has-post-thumbnail","","category-dunya1","category-haberler-arap-uluslararasi-politika","category-politika","category-suriye-ve-dunya","category-suriye-ve-turkiye","tag-ankara-suriyede-bircok-bolgede-insanlik-disi-teror-eylemlerine-katildigi-sirada-yaralanmasi-ardindan-turkiyede-tedavi-goren-isidli-turkiyeli-terorist-emrah-cakan-turkiyedeki-akp","tag-tarihin-tanik-oldugu-en-radikal-ve-en-vahsi-teror-orgutu-isidi-de-destekledigine-iliskin-yeni-kanitlar-ortaya-koydu"],"_links":{"self":[{"href":"https:\/\/archive.sana.sy\/tr\/index.php?rest_route=\/wp\/v2\/posts\/25918","targetHints":{"allow":["GET"]}}],"collection":[{"href":"https:\/\/archive.sana.sy\/tr\/index.php?rest_route=\/wp\/v2\/posts"}],"about":[{"href":"https:\/\/archive.sana.sy\/tr\/index.php?rest_route=\/wp\/v2\/types\/post"}],"author":[{"embeddable":true,"href":"https:\/\/archive.sana.sy\/tr\/index.php?rest_route=\/wp\/v2\/users\/1"}],"replies":[{"embeddable":true,"href":"https:\/\/archive.sana.sy\/tr\/index.php?rest_route=%2Fwp%2Fv2%2Fcomments&post=25918"}],"version-history":[{"count":0,"href":"https:\/\/archive.sana.sy\/tr\/index.php?rest_route=\/wp\/v2\/posts\/25918\/revisions"}],"wp:featuredmedia":[{"embeddable":true,"href":"https:\/\/archive.sana.sy\/tr\/index.php?rest_route=\/wp\/v2\/media\/25919"}],"wp:attachment":[{"href":"https:\/\/archive.sana.sy\/tr\/index.php?rest_route=%2Fwp%2Fv2%2Fmedia&parent=25918"}],"wp:term":[{"taxonomy":"category","embeddable":true,"href":"https:\/\/archive.sana.sy\/tr\/index.php?rest_route=%2Fwp%2Fv2%2Fcategories&post=25918"},{"taxonomy":"post_tag","embeddable":true,"href":"https:\/\/archive.sana.sy\/tr\/index.php?rest_route=%2Fwp%2Fv2%2Ftags&post=25918"}],"curies":[{"name":"wp","href":"https:\/\/api.w.org\/{rel}","templated":true}]}}