{"id":259186,"date":"2022-07-19T23:45:34","date_gmt":"2022-07-19T20:45:34","guid":{"rendered":"http:\/\/107.6.182.27\/tr\/?p=259186"},"modified":"2022-07-21T08:26:18","modified_gmt":"2022-07-21T05:26:18","slug":"astana-sureci-garantor-devletleri-suriyenin-egemenligine-ve-toprak-butunlugune-baglilik-ve-terorle-mucadelenin-devami","status":"publish","type":"post","link":"https:\/\/archive.sana.sy\/tr\/?p=259186","title":{"rendered":"Astana S\u00fcreci Garant\u00f6r Devletleri: Suriye&#8217;nin Egemenli\u011fine Ve Toprak B\u00fct\u00fcnl\u00fc\u011f\u00fcne Ba\u011fl\u0131l\u0131k Ve Ter\u00f6rle M\u00fccadelenin Devam\u0131"},"content":{"rendered":"<p>TAHRAN &#8211; Astana s\u00fcrecinin garant\u00f6r \u00fclkeleri Rusya, \u0130ran ve T\u00fcrkiye, Suriye&#8217;nin egemenli\u011fine ve toprak b\u00fct\u00fcnl\u00fc\u011f\u00fcne, ter\u00f6r\u00fcn her t\u00fcrl\u00fcs\u00fcyle m\u00fccadeleye devam etmeye ve Suriye&#8217;nin egemenli\u011fini baltalamay\u0131 ama\u00e7layan ayr\u0131l\u0131k\u00e7\u0131 planlar\u0131 reddetmeye olan kesin ba\u011fl\u0131l\u0131klar\u0131n\u0131 yinelediler.<\/p>\n<p>\u0130ran Cumhurba\u015fkanlar\u0131 \u0130brahim Reisi, Rusya Ba\u015fkan\u0131 Vladimir Putin ve T\u00fcrkiye Rejim Ba\u015fkan\u0131 Recep Tayyip Erdo\u011fan&#8217;\u0131n Tahran&#8217;da bug\u00fcn yapt\u0131\u011f\u0131 g\u00f6r\u00fc\u015fmenin sonu\u00e7 bildirgesinde, garant\u00f6r \u00fclke liderlerinin Suriye&#8217;deki durumu g\u00f6r\u00fc\u015ft\u00fckleri ve 1 Temmuz 2020&#8217;deki son sanal zirvenin ard\u0131ndan geli\u015fmeleri de\u011ferlendirdikleri, anla\u015fmalar\u0131 ve d\u0131\u015fi\u015fleri bakanlar\u0131 toplant\u0131lar\u0131n\u0131n sonu\u00e7lar\u0131 \u0131\u015f\u0131\u011f\u0131nda \u00fc\u00e7l\u00fc koordinasyonu geli\u015ftirme konusundaki kararl\u0131l\u0131klar\u0131n\u0131 belirterek, en son uluslararas\u0131 ve b\u00f6lgesel geli\u015fmeler de g\u00f6zden ge\u00e7irildi ve Astana s\u00fcrecinin Suriye&#8217;deki krizin bar\u0131\u015f\u00e7\u0131l ve s\u00fcrd\u00fcr\u00fclebilir bir \u00e7\u00f6z\u00fcmde Astana s\u00fcrecinin \u00f6nc\u00fc rol\u00fc vurguland\u0131.<\/p>\n<p>Ba\u015fkanlar, Suriye&#8217;nin egemenli\u011fine, ba\u011f\u0131ms\u0131zl\u0131\u011f\u0131na, birli\u011fine ve toprak b\u00fct\u00fcnl\u00fc\u011f\u00fcne ve Birle\u015fmi\u015f Milletler \u015eart\u0131&#8217;n\u0131n ama\u00e7 ve ilkelerine olan kesin ba\u011fl\u0131l\u0131klar\u0131n\u0131 belirterek, ter\u00f6rizmin t\u00fcm bi\u00e7imleri ve tezah\u00fcrleriyle m\u00fccadele etmek i\u00e7in birlikte \u00e7al\u0131\u015fmaya devam etme kararl\u0131l\u0131klar\u0131n\u0131 ifade ederek, bu ilkelere k\u00fcresel olarak sayg\u0131 g\u00f6sterilmesi gere\u011fini vurgulad\u0131lar.<\/p>\n<p>A\u00e7\u0131klamada, Suriye&#8217;nin farkl\u0131 b\u00f6lgelerinde farkl\u0131 isimlerle ter\u00f6r \u00f6rg\u00fctleri ve bunlara ba\u011fl\u0131 gruplar\u0131n artan faaliyetlerini k\u0131nad\u0131lar ve \u0130dlib&#8217;deki gerilimi azaltma b\u00f6lgesi ile ilgili \u00f6nceki t\u00fcm anla\u015fmalar\u0131n tam olarak uygulanmas\u0131 gere\u011fini vurgulad\u0131lar.<\/p>\n<p>Ter\u00f6rle m\u00fccadele bahanesiyle sahada yeni ger\u00e7ekler yaratmaya y\u00f6nelik t\u00fcm giri\u015fimleri reddettiklerini, Suriye&#8217;nin egemenli\u011fini ve toprak b\u00fct\u00fcnl\u00fc\u011f\u00fcn\u00fc baltalamay\u0131 ama\u00e7layan ayr\u0131l\u0131k\u00e7\u0131 planlar\u0131n kar\u015f\u0131s\u0131nda durma kararl\u0131l\u0131klar\u0131n\u0131 vurgulad\u0131lar.<\/p>\n<p>\u00dc\u00e7 cumhurba\u015fkan\u0131, t\u00fcm ter\u00f6r gruplar\u0131n\u0131, kurumlar\u0131n\u0131 ve varl\u0131klar\u0131n\u0131 ortadan kald\u0131rmak i\u00e7in devam eden i\u015fbirli\u011fini belirterek, Suriye&#8217;deki krizin askeri bir \u00e7\u00f6z\u00fcm\u00fcn\u00fcn olamayaca\u011f\u0131n\u0131 ve bunun ancak Suriyelilerin \u00f6nc\u00fcl\u00fck etti\u011fi ve Birle\u015fmi\u015f Milletler&#8217;in kolayla\u015ft\u0131rd\u0131\u011f\u0131 siyasi s\u00fcre\u00e7le \u00e7\u00f6z\u00fclebilece\u011fini kaydettiler.<\/p>\n<p>Garant\u00f6r \u00fclkelerin liderleri, m\u00fcltecilerin ve \u00fclke i\u00e7inde yerinden edilmi\u015f ki\u015filerin Suriye&#8217;deki ikamet yerlerine g\u00fcvenli ve g\u00f6n\u00fcll\u00fc olarak geri d\u00f6n\u00fc\u015flerini kolayla\u015ft\u0131rman\u0131n gereklili\u011fine dikkat \u00e7ekerek, temel ve altyap\u0131, \u00f6zellikle su, elektrik, sanitasyon, sa\u011fl\u0131k, e\u011fitim, okullar ve hastaneler gibi hayati projeleri geli\u015ftirmede uluslararas\u0131 toplumu s\u00fcrece katk\u0131da bulunmaya ve kurtarma projeleri geli\u015ftirmeye \u00e7a\u011fr\u0131da bulundular.<\/p>\n<p>Garant\u00f6r devletlerin ba\u015fkanlar\u0131, \u0130srail&#8217;in Suriye topraklar\u0131na y\u00f6nelik sald\u0131r\u0131lar\u0131n\u0131n devam etmesini k\u0131nayarak, bu sald\u0131r\u0131lar\u0131n uluslararas\u0131 hukuku ve Suriye&#8217;nin egemenli\u011fini ve toprak b\u00fct\u00fcnl\u00fc\u011f\u00fcn\u00fc ihlal etti\u011fini, b\u00f6lgede istikrar\u0131 bozdu\u011funu ve gerilimi art\u0131rd\u0131\u011f\u0131n\u0131 vurgulad\u0131lar.<\/p>\n<p>Cumhurba\u015fkanlar\u0131, bu y\u0131l\u0131n sonuna kadar Astana format\u0131nda Suriye konulu 19. uluslararas\u0131 toplant\u0131ya haz\u0131rlanmak \u00fczere temsilcilerini atama konusunda anla\u015ft\u0131.<\/p>\n<p>Bir sonraki \u00fc\u00e7l\u00fc zirvenin Ba\u015fkan Putin&#8217;in daveti \u00fczerine Rusya&#8217;da yap\u0131lmas\u0131na karar verildi.<\/p>\n<p>Toplant\u0131n\u0131n sonunda d\u00fczenledi\u011fi bas\u0131n toplant\u0131s\u0131nda Reisi, &#8220;Suriye topraklar\u0131n\u0131n b\u00fct\u00fcnl\u00fc\u011f\u00fcn\u00fcn vurguland\u0131\u011f\u0131n\u0131 ve Suriye&#8217;nin egemenli\u011finin \u00fclkenin her yerinde korunmas\u0131 gerekti\u011finin alt\u0131n\u0131 \u00e7izdi. Bu a\u00e7\u0131dan El Cezire b\u00f6lgesindeki Amerikan varl\u0131\u011f\u0131n\u0131n, herhangi bir bahaneyle, haks\u0131z oldu\u011fu ve o b\u00f6lgeyi terk etmeleri gerekti\u011fi ve t\u00fcm b\u00f6lgelerin Suriye devletinin kontrol\u00fc alt\u0131nda olmas\u0131 gerekti\u011fi vurguland\u0131.<\/p>\n<p>Reisi, \u0130dlib&#8217;de ve di\u011fer b\u00f6lgelerde ter\u00f6ristlerin varl\u0131\u011f\u0131na ili\u015fkin endi\u015felerin bulundu\u011funu ve bunun t\u00fcm \u00fclkelerin ter\u00f6rle m\u00fccadele konusunda ciddi irade g\u00f6stermesini gerektirdi\u011fini, ter\u00f6rle m\u00fccadele konusunda ger\u00e7ek kararl\u0131l\u0131\u011f\u0131n ve iradenin meyvelerini verece\u011finden emin olduklar\u0131na i\u015faret ederek, garant\u00f6r \u00fclke ba\u015fkanlar\u0131n\u0131n bug\u00fcn yapt\u0131klar\u0131 zirvede Suriye&#8217;de ter\u00f6rle m\u00fccadeleye devam edilece\u011fini belirttiklerine dikkat \u00e7ekti.<\/p>\n<p>Reisi, Suriye&#8217;de g\u00fcvenli\u011fin sa\u011flanmas\u0131 i\u00e7in garant\u00f6r \u00fclkeler aras\u0131nda Suriye devleti ile i\u015fbirli\u011finin yan\u0131 s\u0131ra i\u015fbirli\u011finin de gerekli oldu\u011funu a\u00e7\u0131k\u00e7a belirterek; &#8220;Astana form\u00fcl\u00fcn\u00fcn ba\u015far\u0131l\u0131 oldu\u011funa ve sonu\u00e7lar\u0131n\u0131n Suriye&#8217;nin istikrar\u0131 ve g\u00fcvenli\u011fi ad\u0131na iyi oldu\u011funa inan\u0131yoruz ve Suriye devletinin \u00e7e\u015fitli topraklar\u0131 \u00fczerindeki egemenli\u011fini yeniden tesis etmek i\u00e7in bu yakla\u015f\u0131m\u0131n devam etmesi gerekti\u011fine inan\u0131yoruz&#8221; dedi.<\/p>\n<p>Reisi, g\u00f6r\u00fc\u015fmede Suriye halk\u0131na insani yard\u0131m sa\u011flanmas\u0131n\u0131n s\u00fcreklili\u011finin, ya\u015fad\u0131klar\u0131 ekonomik sorunlar\u0131n azalt\u0131lmas\u0131 i\u00e7in \u00e7al\u0131\u015fmalar\u0131n yap\u0131lmas\u0131 ve Suriyeli m\u00fcltecilerin bir an \u00f6nce \u00fclkelerine geri d\u00f6nmelerine zemin sa\u011flanmas\u0131n\u0131n vurguland\u0131\u011f\u0131n\u0131 belirterek, garant\u00f6r \u00fclkelerin ba\u015fkanlar\u0131n\u0131n, \u0130srail&#8217;in Suriye topraklar\u0131na y\u00f6nelik sald\u0131r\u0131lar\u0131n\u0131 ve onlar\u0131 durdurma gere\u011fini k\u0131nama konusunda oybirli\u011fiyle anla\u015ft\u0131klar\u0131na dikkat \u00e7ekti.<\/p>\n<p>Kendi y\u00f6n\u00fcnden Putin, Astana s\u00fcrecinin garant\u00f6r devletlerinin liderleriyle g\u00f6r\u00fc\u015fmenin faydal\u0131 ve yap\u0131c\u0131 oldu\u011funu s\u00f6yleyerek, Ortak Deklarasyon uyar\u0131nca, Suriye&#8217;deki durumu istikrara kavu\u015fturmak i\u00e7in Rusya, \u0130ran ve T\u00fcrkiye aras\u0131nda i\u015fbirli\u011fini ve ortak eylemi teyit ettik ve \u00fc\u00e7 \u00fclkenin BM&#8217;nin 2254 say\u0131l\u0131 karar\u0131 uyar\u0131nca siyasi bir \u00e7\u00f6z\u00fcme ili\u015fkin g\u00f6r\u00fc\u015f payla\u015ft\u0131\u011f\u0131n\u0131 ve Suriye&#8217;nin egemenli\u011fine ve toprak b\u00fct\u00fcnl\u00fc\u011f\u00fcne sayg\u0131 g\u00f6sterilmesi i\u00e7in gerekli t\u00fcm ilkelere ba\u011fl\u0131 kald\u0131\u011f\u0131na, Suriye&#8217;nin gelece\u011finin d\u0131\u015far\u0131dan hi\u00e7bir \u00f6n yarg\u0131 olmaks\u0131z\u0131n halk taraf\u0131ndan belirlendi\u011fine dikkati \u00e7ekti.<\/p>\n<p>Putin, &#8220;Bug\u00fcn Suriye&#8217;de ter\u00f6rle m\u00fccadele konusunu g\u00f6r\u00fc\u015ft\u00fck ve \u00fc\u00e7 \u00fclkenin ortak eylemi sayesinde, (I\u015e\u0130D) gibi ter\u00f6r \u00f6rg\u00fctlerinin yenilgiye u\u011frat\u0131lmas\u0131n\u0131n ard\u0131ndan ter\u00f6r tehditlerinin seviyesi son zamanlarda azald\u0131. \u00d6yleki Suriye devleti, topraklar\u0131n\u0131n \u00e7o\u011fu \u00fczerindeki kontrol\u00fcn\u00fc yeniden ele ge\u00e7irdi ve nihai yenilgiye kadar Suriye&#8217;deki ter\u00f6r \u00f6rg\u00fctleriyle sava\u015fmaya devam edeceklerini vurgulad\u0131.<\/p>\n<p>Putin, garant\u00f6r \u00fclke ba\u015fkanlar\u0131n\u0131n Suriye&#8217;nin el Cezire b\u00f6lgesindeki mevcut durumu g\u00f6r\u00fc\u015ft\u00fc\u011f\u00fcne i\u015faret ederek; &#8220;Baz\u0131 \u00fclkelerin orada askeri faaliyetlerini s\u00fcrd\u00fcrmeye \u00e7al\u0131\u015ft\u0131\u011f\u0131n\u0131 ve Suriye devletinin otoritesinin b\u00f6lgeye empoze edilmesi gerekti\u011fini not ediyoruz&#8221; dedi.<\/p>\n<p>Putin, t\u00fcm Suriyelilerin normal ya\u015fama d\u00f6nmelerine yard\u0131mc\u0131 olman\u0131n \u00f6nemine dikkat \u00e7ekerek, uluslararas\u0131 toplumu, Suriye&#8217;deki ya\u015fam\u0131 yeniden tesis etmek ve hastaneleri, okullar\u0131 ve di\u011fer altyap\u0131y\u0131 restore etmek i\u00e7in insani yard\u0131m\u0131 art\u0131rmaya \u00e7a\u011f\u0131rd\u0131; ve bunlar\u0131n t\u00fcm\u00fcn\u00fcn, Suriyeli m\u00fcltecilerin evlerine kal\u0131c\u0131 olarak geri d\u00f6n\u00fc\u015f\u00fc i\u00e7in bir platform sa\u011flayaca\u011f\u0131na dikkat \u00e7ekti.<\/p>\n<p><span style=\"color: #0000ff;\"><a class=\"oajrlxb2 g5ia77u1 qu0x051f esr5mh6w e9989ue4 r7d6kgcz rq0escxv nhd2j8a9 nc684nl6 p7hjln8o kvgmc6g5 cxmmr5t8 oygrvhab hcukyx3x jb3vyjys rz4wbd8a qt6c0cv9 a8nywdso i1ao9s8h esuyzwwr f1sip0of lzcic4wl gpro0wi8 q66pz984 b1v8xokw\" style=\"color: #0000ff;\" tabindex=\"0\" role=\"link\" href=\"https:\/\/www.facebook.com\/hashtag\/telegram_kanal%C4%B1m%C4%B1z?__eep__=6&amp;__cft__[0]=AZVbtOP-SduV_kVGN--gcSpc5VpASy1tJHrCj0LFMUSbyFEKP5aAWLYzbilzH3oCh5aOuQJt_fLldIgqMW_r5DYJTmPk4MOKBvrSMXiEofJn95J7-vwGuDPvFwD5ndm3vubrfgS5ycsoG_twGrzllF2G4cGhTCZ866wEYzYmnPQQPQ&amp;__tn__=*NK-R\">#Telegram_Kanal\u0131m\u0131z<\/a>: <a class=\"oajrlxb2 g5ia77u1 qu0x051f esr5mh6w e9989ue4 r7d6kgcz rq0escxv nhd2j8a9 nc684nl6 p7hjln8o kvgmc6g5 cxmmr5t8 oygrvhab hcukyx3x jb3vyjys rz4wbd8a qt6c0cv9 a8nywdso i1ao9s8h esuyzwwr f1sip0of lzcic4wl gpro0wi8 py34i1dx\" style=\"color: #0000ff;\" tabindex=\"0\" role=\"link\" href=\"https:\/\/l.facebook.com\/l.php?u=https%3A%2F%2Ft.me%2FSuriyeArapHaberAjans%3Ffbclid%3DIwAR11qgml4r4thYUCgiwjuLejXxBmR_HFHGofR38ffnsastgZnv8lWEpU1wo&amp;h=AT3gTbyMyqNsqZpc_ROzXlifuGxCQbGR7RP7UbS2-yJFXHd8oQITl2Y8ZTU3q9wP1sgAOcYQ1NqED2eVkg-eNJNFqkGJUIJNeJWGwzbhpkqTaZXwN7ufirdJR_K7ieQ89SE&amp;__tn__=-UK-R&amp;c[0]=AT2Gi3JkSQF4UkvQocz96-oEyvOV7fIJUsCsd4skOK-2435-aFs3eHI0DaiKsvRukT6AhZSXBElMjb_WJdanEmXXBppcpgY5T5SWs5lCIQ1ZVCxHtPyr5uXaVpgjAujquuPr9SG5R_quw1KZYOBWkzSeyRbYFPajC0FsDnZ3N9u_ZwQwPZJ8-9d2a88URHRMcf7-NfLi\" target=\"_blank\" rel=\"nofollow noopener\">https:\/\/t.me\/SuriyeArapHaberAjans<\/a><\/span><\/p>\n","protected":false},"excerpt":{"rendered":"<p>TAHRAN &#8211; Astana s\u00fcrecinin garant\u00f6r \u00fclkeleri Rusya, \u0130ran ve T\u00fcrkiye, Suriye&#8217;nin egemenli\u011fine ve toprak b\u00fct\u00fcnl\u00fc\u011f\u00fcne, ter\u00f6r\u00fcn her t\u00fcrl\u00fcs\u00fcyle m\u00fccadeleye devam etmeye ve Suriye&#8217;nin egemenli\u011fini baltalamay\u0131 ama\u00e7layan ayr\u0131l\u0131k\u00e7\u0131 planlar\u0131 reddetmeye olan kesin ba\u011fl\u0131l\u0131klar\u0131n\u0131 yinelediler. \u0130ran Cumhurba\u015fkanlar\u0131 \u0130brahim Reisi, Rusya Ba\u015fkan\u0131 Vladimir Putin ve T\u00fcrkiye Rejim Ba\u015fkan\u0131 Recep Tayyip Erdo\u011fan&#8217;\u0131n Tahran&#8217;da bug\u00fcn yapt\u0131\u011f\u0131 g\u00f6r\u00fc\u015fmenin sonu\u00e7 bildirgesinde, garant\u00f6r &hellip;<\/p>\n","protected":false},"author":1,"featured_media":259187,"comment_status":"closed","ping_status":"closed","sticky":false,"template":"","format":"standard","meta":{"footnotes":""},"categories":[458,459,17988],"tags":[],"class_list":["post-259186","post","type-post","status-publish","format-standard","has-post-thumbnail","","category-dunya1","category-haberler-arap-uluslararasi-politika","category-son-haberler"],"_links":{"self":[{"href":"https:\/\/archive.sana.sy\/tr\/index.php?rest_route=\/wp\/v2\/posts\/259186","targetHints":{"allow":["GET"]}}],"collection":[{"href":"https:\/\/archive.sana.sy\/tr\/index.php?rest_route=\/wp\/v2\/posts"}],"about":[{"href":"https:\/\/archive.sana.sy\/tr\/index.php?rest_route=\/wp\/v2\/types\/post"}],"author":[{"embeddable":true,"href":"https:\/\/archive.sana.sy\/tr\/index.php?rest_route=\/wp\/v2\/users\/1"}],"replies":[{"embeddable":true,"href":"https:\/\/archive.sana.sy\/tr\/index.php?rest_route=%2Fwp%2Fv2%2Fcomments&post=259186"}],"version-history":[{"count":0,"href":"https:\/\/archive.sana.sy\/tr\/index.php?rest_route=\/wp\/v2\/posts\/259186\/revisions"}],"wp:featuredmedia":[{"embeddable":true,"href":"https:\/\/archive.sana.sy\/tr\/index.php?rest_route=\/wp\/v2\/media\/259187"}],"wp:attachment":[{"href":"https:\/\/archive.sana.sy\/tr\/index.php?rest_route=%2Fwp%2Fv2%2Fmedia&parent=259186"}],"wp:term":[{"taxonomy":"category","embeddable":true,"href":"https:\/\/archive.sana.sy\/tr\/index.php?rest_route=%2Fwp%2Fv2%2Fcategories&post=259186"},{"taxonomy":"post_tag","embeddable":true,"href":"https:\/\/archive.sana.sy\/tr\/index.php?rest_route=%2Fwp%2Fv2%2Ftags&post=259186"}],"curies":[{"name":"wp","href":"https:\/\/api.w.org\/{rel}","templated":true}]}}