{"id":259199,"date":"2022-07-19T23:40:11","date_gmt":"2022-07-19T20:40:11","guid":{"rendered":"http:\/\/107.6.182.27\/tr\/?p=259199"},"modified":"2022-07-21T08:25:42","modified_gmt":"2022-07-21T05:25:42","slug":"sabbag-suriyedeki-yabanci-teroristlerin-aile-olgusu-ele-alinmali-ulkelerinin-onlari-geri-almasi-ve-rehabilite-etmesi-gerekiyor","status":"publish","type":"post","link":"https:\/\/archive.sana.sy\/tr\/?p=259199","title":{"rendered":"Sabba\u011f: Suriye&#8217;deki Yabanc\u0131 Ter\u00f6ristlerin Aile Olgusu Ele Al\u0131nmal\u0131, \u00dclkelerinin Onlar\u0131 Geri Almas\u0131 Ve Rehabilite Etmesi Gerekiyor"},"content":{"rendered":"<p>NEW YORK &#8211; Suriye&#8217;nin Birle\u015fmi\u015f Milletler daimi temsilcisi B\u00fcy\u00fckel\u00e7i Bessam Sabba\u011f, Suriye&#8217;deki yabanc\u0131 ter\u00f6rist aile olgusunu ele alman\u0131n, uyruklar\u0131na sahip olduklar\u0131 \u00fclkelerin iyile\u015fmeleri, rehabilitasyonlar\u0131 ve entegrasyonlar\u0131 ve aileleri arac\u0131l\u0131\u011f\u0131yla ger\u00e7ek bir siyasi taahh\u00fct gerektirdi\u011fini belirtti.<\/p>\n<p>G\u00fcvenlik Konseyi&#8217;nin \u00e7ocuklar ve silahl\u0131 \u00e7at\u0131\u015fmalar konusundaki \u00fcst d\u00fczey a\u00e7\u0131k tart\u0131\u015fmas\u0131 s\u0131ras\u0131nda Sabba\u011f, Amerikan i\u015fgal g\u00fc\u00e7lerinin ayr\u0131l\u0131k\u00e7\u0131 milis ajanlar\u0131 taraf\u0131ndan kontrol edilen El Hol kamp\u0131ndaki durumun canl\u0131 bir \u00f6rnek oldu\u011funu a\u00e7\u0131klayarak, &#8220;ba\u015fta tekfirci ideolojinin implantasyonu olmak \u00fczere ger\u00e7ek tehlikelerle kar\u015f\u0131 kar\u015f\u0131ya kald\u0131klar\u0131 i\u00e7in \u00e7ocuklar\u0131n ac\u0131 \u00e7ekmesi&#8230; A\u015f\u0131r\u0131l\u0131k yanl\u0131lar\u0131, durumlar\u0131 derhal ele al\u0131nmad\u0131k\u00e7a b\u00f6lgede ve \u00f6tesinde g\u00fcvenlik ve istikrar\u0131 tehdit eden saatli bombalar haline getiriyor&#8221; dedi.<\/p>\n<p>Sabba\u011f, kad\u0131n ve \u00e7ocuklar da dahil olmak \u00fczere yabanc\u0131 ter\u00f6ristlerin aileleri olgusunu ele alman\u0131n, uyruklar\u0131na sahip olduklar\u0131 \u00fclkelerin iyile\u015fmeleri, rehabilitasyonlar\u0131 ve yeniden entegrasyonlar\u0131 yoluyla ve aileleriyle ger\u00e7ek bir siyasi taahh\u00fct gerektirdi\u011fine dikkat \u00e7ekerek, bir kez daha, ilgili \u00fclkelere, ter\u00f6r \u00f6rg\u00fctleri veya ayr\u0131l\u0131k\u00e7\u0131 milislerle \u015f\u00fcpheli anla\u015fmalar yaparak de\u011fil, Suriye devleti ile koordineli olarak sorumluluklar\u0131n\u0131 samimi bir \u015fekilde yerine getiren ve vatanda\u015flar\u0131n\u0131 geri alan baz\u0131 \u00fclkelerin ba\u015far\u0131l\u0131 deneyimlerini taklit etmeleri isteniyor, dedi.<\/p>\n<p>Sabba\u011f, Suriye ulusal mevzuat\u0131n\u0131n anayasa h\u00fck\u00fcmlerinin uygulanmas\u0131nda \u00e7ocu\u011fu koruma ilkesiyle \u00e7er\u00e7evelendi\u011fini ve devletin \u00e7ocu\u011fu korumak i\u00e7in geli\u015ftirdi\u011fi ulusal plan\u0131n mevcut zorluklar\u0131n kapsaml\u0131 bir \u015fekilde anla\u015f\u0131lmas\u0131ndan kaynakland\u0131\u011f\u0131n\u0131 vurgulad\u0131 ve Suriye&#8217;ye dayat\u0131lan ter\u00f6r sava\u015f\u0131n\u0131n yans\u0131malar\u0131n\u0131 ele alma ve Suriyelilerin g\u00fcvenli\u011fini ve refah\u0131n\u0131 sa\u011flama konusunda istekli oldu\u011funu vurgulayarak, Suriye&#8217;nin uluslararas\u0131 insan haklar\u0131 hukuku kapsam\u0131ndaki y\u00fck\u00fcml\u00fcl\u00fcklerine uygun olarak, son on y\u0131lda \u00e7ocuk koruma ve bak\u0131m\u0131yla ilgili bir dizi yasa ve mevzuat\u0131 onaylad\u0131\u011f\u0131n\u0131 a\u00e7\u0131klad\u0131.<\/p>\n<p>Suriye&#8217;nin Birle\u015fmi\u015f Milletler daimi temsilcisi, 2013 y\u0131l\u0131nda Ceza Kanununun \u00e7ocuklar\u0131n askere al\u0131nmas\u0131n\u0131 ve d\u00fc\u015fmanl\u0131klara kar\u0131\u015fmas\u0131n\u0131 su\u00e7 saymas\u0131 ve askere alma ma\u011fduru \u00e7ocuklarla ba\u015fa \u00e7\u0131kmak i\u00e7in ulusal bir plan\u0131n geli\u015ftirilmesi a\u00e7\u0131s\u0131ndan de\u011fi\u015ftirildi\u011fini belirtti ve; ge\u00e7en y\u0131l, \u00e7ocu\u011fun korunmas\u0131 ve bak\u0131m\u0131nda devletin \u00e7e\u015fitli kurumlar\u0131ndaki rol\u00fcn\u00fc g\u00fc\u00e7lendirmeyi ve onun ki\u015fili\u011fini in\u015fa etmek i\u00e7in yeti\u015ftirilmesini, geli\u015fmesini ve bilimsel, k\u00fclt\u00fcrel, psikolojik ve sosyal rehabilitasyonunu sa\u011flamay\u0131 ve geli\u015fiminin her alan\u0131nda katk\u0131 sa\u011flayabilmeyi ama\u00e7layan \u00c7ocuk Haklar\u0131 Yasas\u0131n\u0131n \u00e7\u0131kar\u0131ld\u0131\u011f\u0131n\u0131 dile getirdi.<\/p>\n<p>Sabba\u011f, Suriye&#8217;deki \u00e7ocuklar\u0131n tan\u0131nm\u0131\u015f \u00fclkelerin izledi\u011fi d\u00fc\u015fmanca politikalar\u0131n kurban\u0131 olduklar\u0131ndan ve \u00fclkelerine dayat\u0131lan zorlay\u0131c\u0131 \u00f6nlemlerin bir sonucu olarak ac\u0131 \u00e7ektiklerinden ve hala ma\u011fdur olduklar\u0131ndan duydu\u011fu \u00fcz\u00fcnt\u00fcy\u00fc dile getirerek, i\u015fgal alt\u0131ndaki Arap topraklar\u0131nda \u0130srail i\u015fgali alt\u0131ndaki \u00e7ocuklar\u0131n ac\u0131lar\u0131 Filistin&#8217;de ve Suriyeli Golan&#8217;da i\u015fgal g\u00fc\u00e7lerinin \u00e7e\u015fitli bi\u00e7imlerde ihlallerine maruz kald\u0131\u011f\u0131 i\u00e7in devam etti\u011fine dikkat \u00e7ekti.<\/p>\n<p>Sabba\u011f, d\u00fcnya \u00e7ap\u0131nda \u00e7ocuk haklar\u0131n\u0131n desteklenmesi ve korunmas\u0131 konular\u0131n\u0131 herhangi bir siyasi d\u00fc\u015f\u00fcnceden uzakla\u015ft\u0131rma gere\u011fini ve \u00e7e\u015fitli \u00e7at\u0131\u015fmalar\u0131n etkilerinden muzdarip olan t\u00fcm \u00e7ocuklar\u0131n etkin bir \u015fekilde yeniden b\u00fct\u00fcnle\u015fmelerinin, onlar\u0131 yeniden e\u011fitime \u00e7ekmek i\u00e7in ciddi ve organize bir kat\u0131l\u0131m gerektirdi\u011fini vurgulad\u0131. Sabba\u011f, UNICEF&#8217;i ve di\u011fer ilgili Birle\u015fmi\u015f Milletler kurulu\u015flar\u0131n\u0131, bu \u00e7ocuklar\u0131n normal ya\u015famlar\u0131na geri d\u00f6nme s\u00fcrecinde aktif rol oynamaya ve y\u0131llarca s\u00fcren \u00e7at\u0131\u015fmalar\u0131n sonucunda ba\u015flar\u0131na gelen olumsuz etkilerden kurtulmalar\u0131na yard\u0131mc\u0131 olmaya \u00e7a\u011f\u0131rd\u0131.<\/p>\n<p><span style=\"color: #0000ff;\"><a class=\"oajrlxb2 g5ia77u1 qu0x051f esr5mh6w e9989ue4 r7d6kgcz rq0escxv nhd2j8a9 nc684nl6 p7hjln8o kvgmc6g5 cxmmr5t8 oygrvhab hcukyx3x jb3vyjys rz4wbd8a qt6c0cv9 a8nywdso i1ao9s8h esuyzwwr f1sip0of lzcic4wl gpro0wi8 q66pz984 b1v8xokw\" style=\"color: #0000ff;\" tabindex=\"0\" role=\"link\" href=\"https:\/\/www.facebook.com\/hashtag\/telegram_kanal%C4%B1m%C4%B1z?__eep__=6&amp;__cft__[0]=AZVbtOP-SduV_kVGN--gcSpc5VpASy1tJHrCj0LFMUSbyFEKP5aAWLYzbilzH3oCh5aOuQJt_fLldIgqMW_r5DYJTmPk4MOKBvrSMXiEofJn95J7-vwGuDPvFwD5ndm3vubrfgS5ycsoG_twGrzllF2G4cGhTCZ866wEYzYmnPQQPQ&amp;__tn__=*NK-R\">#Telegram_Kanal\u0131m\u0131z<\/a>: <a class=\"oajrlxb2 g5ia77u1 qu0x051f esr5mh6w e9989ue4 r7d6kgcz rq0escxv nhd2j8a9 nc684nl6 p7hjln8o kvgmc6g5 cxmmr5t8 oygrvhab hcukyx3x jb3vyjys rz4wbd8a qt6c0cv9 a8nywdso i1ao9s8h esuyzwwr f1sip0of lzcic4wl gpro0wi8 py34i1dx\" style=\"color: #0000ff;\" tabindex=\"0\" role=\"link\" href=\"https:\/\/l.facebook.com\/l.php?u=https%3A%2F%2Ft.me%2FSuriyeArapHaberAjans%3Ffbclid%3DIwAR11qgml4r4thYUCgiwjuLejXxBmR_HFHGofR38ffnsastgZnv8lWEpU1wo&amp;h=AT3gTbyMyqNsqZpc_ROzXlifuGxCQbGR7RP7UbS2-yJFXHd8oQITl2Y8ZTU3q9wP1sgAOcYQ1NqED2eVkg-eNJNFqkGJUIJNeJWGwzbhpkqTaZXwN7ufirdJR_K7ieQ89SE&amp;__tn__=-UK-R&amp;c[0]=AT2Gi3JkSQF4UkvQocz96-oEyvOV7fIJUsCsd4skOK-2435-aFs3eHI0DaiKsvRukT6AhZSXBElMjb_WJdanEmXXBppcpgY5T5SWs5lCIQ1ZVCxHtPyr5uXaVpgjAujquuPr9SG5R_quw1KZYOBWkzSeyRbYFPajC0FsDnZ3N9u_ZwQwPZJ8-9d2a88URHRMcf7-NfLi\" target=\"_blank\" rel=\"nofollow noopener\">https:\/\/t.me\/SuriyeArapHaberAjans<\/a><\/span><\/p>\n","protected":false},"excerpt":{"rendered":"<p>NEW YORK &#8211; Suriye&#8217;nin Birle\u015fmi\u015f Milletler daimi temsilcisi B\u00fcy\u00fckel\u00e7i Bessam Sabba\u011f, Suriye&#8217;deki yabanc\u0131 ter\u00f6rist aile olgusunu ele alman\u0131n, uyruklar\u0131na sahip olduklar\u0131 \u00fclkelerin iyile\u015fmeleri, rehabilitasyonlar\u0131 ve entegrasyonlar\u0131 ve aileleri arac\u0131l\u0131\u011f\u0131yla ger\u00e7ek bir siyasi taahh\u00fct gerektirdi\u011fini belirtti. G\u00fcvenlik Konseyi&#8217;nin \u00e7ocuklar ve silahl\u0131 \u00e7at\u0131\u015fmalar konusundaki \u00fcst d\u00fczey a\u00e7\u0131k tart\u0131\u015fmas\u0131 s\u0131ras\u0131nda Sabba\u011f, Amerikan i\u015fgal g\u00fc\u00e7lerinin ayr\u0131l\u0131k\u00e7\u0131 milis ajanlar\u0131 taraf\u0131ndan &hellip;<\/p>\n","protected":false},"author":1,"featured_media":259200,"comment_status":"closed","ping_status":"closed","sticky":false,"template":"","format":"standard","meta":{"footnotes":""},"categories":[458,459,17988],"tags":[],"class_list":["post-259199","post","type-post","status-publish","format-standard","has-post-thumbnail","","category-dunya1","category-haberler-arap-uluslararasi-politika","category-son-haberler"],"_links":{"self":[{"href":"https:\/\/archive.sana.sy\/tr\/index.php?rest_route=\/wp\/v2\/posts\/259199","targetHints":{"allow":["GET"]}}],"collection":[{"href":"https:\/\/archive.sana.sy\/tr\/index.php?rest_route=\/wp\/v2\/posts"}],"about":[{"href":"https:\/\/archive.sana.sy\/tr\/index.php?rest_route=\/wp\/v2\/types\/post"}],"author":[{"embeddable":true,"href":"https:\/\/archive.sana.sy\/tr\/index.php?rest_route=\/wp\/v2\/users\/1"}],"replies":[{"embeddable":true,"href":"https:\/\/archive.sana.sy\/tr\/index.php?rest_route=%2Fwp%2Fv2%2Fcomments&post=259199"}],"version-history":[{"count":0,"href":"https:\/\/archive.sana.sy\/tr\/index.php?rest_route=\/wp\/v2\/posts\/259199\/revisions"}],"wp:featuredmedia":[{"embeddable":true,"href":"https:\/\/archive.sana.sy\/tr\/index.php?rest_route=\/wp\/v2\/media\/259200"}],"wp:attachment":[{"href":"https:\/\/archive.sana.sy\/tr\/index.php?rest_route=%2Fwp%2Fv2%2Fmedia&parent=259199"}],"wp:term":[{"taxonomy":"category","embeddable":true,"href":"https:\/\/archive.sana.sy\/tr\/index.php?rest_route=%2Fwp%2Fv2%2Fcategories&post=259199"},{"taxonomy":"post_tag","embeddable":true,"href":"https:\/\/archive.sana.sy\/tr\/index.php?rest_route=%2Fwp%2Fv2%2Ftags&post=259199"}],"curies":[{"name":"wp","href":"https:\/\/api.w.org\/{rel}","templated":true}]}}