{"id":259215,"date":"2022-07-20T13:28:46","date_gmt":"2022-07-20T10:28:46","guid":{"rendered":"http:\/\/107.6.182.27\/tr\/?p=259215"},"modified":"2022-07-21T08:28:34","modified_gmt":"2022-07-21T05:28:34","slug":"kenani-abdnin-suriyedeki-askeri-varligini-sona-erdirmesi-ve-teroristlerin-desteklenmesi-birakilmali","status":"publish","type":"post","link":"https:\/\/archive.sana.sy\/tr\/?p=259215","title":{"rendered":"Ken&#8217;ani: ABD&#8217;nin Suriye&#8217;deki Askeri Varl\u0131\u011f\u0131n\u0131 Sona Erdirmesi Ve Ter\u00f6ristlerin Desteklenmesi B\u0131rak\u0131lmal\u0131"},"content":{"rendered":"<p>TAHRAN &#8211; \u0130ran D\u0131\u015fi\u015fleri Bakanl\u0131\u011f\u0131 s\u00f6zc\u00fcs\u00fc Nas\u0131r Ken&#8217;ani, ABD&#8217;nin kuzeydo\u011fu Suriye&#8217;deki askeri varl\u0131\u011f\u0131n\u0131 sona erdirme ve ter\u00f6ristleri desteklemeyi b\u0131rakma gere\u011fini yineledi.<\/p>\n<p>Ken&#8217;ani bug\u00fcn d\u00fczenledi\u011fi bas\u0131n toplant\u0131s\u0131nda \u0130ran&#8217;\u0131n b\u00f6lgesel meselelerde a\u011f\u0131rl\u0131\u011f\u0131 oldu\u011funu ve Suriye&#8217;de \u00f6nemli bir rol oynad\u0131\u011f\u0131n\u0131 s\u00f6yleyerek; &#8220;B\u00f6lgemiz, y\u00fcksek maliyetleri b\u00f6lge \u00fclkelerinin ceplerinden \u00f6denen sahte ve sahte d\u0131\u015f ittifaklara ihtiya\u00e7 duymadan, b\u00f6lge \u00fclkeleri aras\u0131ndaki dostluk ve i\u015fbirli\u011fi ili\u015fkilerini g\u00fc\u00e7lendirmesini gerektiriyor&#8221; dedi.<\/p>\n<p>Ken&#8217;ani, ger\u00e7ek\u00e7i \u0130ran diplomasisinin son aylarda t\u00fcm g\u00fcc\u00fcn\u00fc ve imkanlar\u0131n\u0131 b\u00f6lgede g\u00fcvenli\u011fi sa\u011flamak ve \u0130slam \u00fclkeleriyle ili\u015fkileri g\u00fc\u00e7lendirmek i\u00e7in kulland\u0131\u011f\u0131n\u0131 s\u00f6zlerine ekledi.<\/p>\n<p>D\u0131\u015fi\u015fleri ve Gurbet\u00e7iler Bakan\u0131 Dr. Faysal Mikdad&#8217;\u0131n Tahran&#8217;a yapt\u0131\u011f\u0131 mevcut ziyaretle ilgili olarak Ken&#8217;ani, &#8220;Bu ziyaret, \u0130ran D\u0131\u015fi\u015fleri Bakan\u0131 H\u00fcseyin Emir Abdullehyan&#8217;\u0131n ikili i\u015fbirli\u011fi ve b\u00f6lgesel ve uluslararas\u0131 konular tart\u0131\u015f\u0131lacak&#8221; dedi.<\/p>\n<p>T\u00fcrk rejiminin Suriye&#8217;nin kuzeyine askeri operasyon ba\u015flatma tehditlerini yorumlayan Ken&#8217;ani, &#8220;Askeri harekat Suriye b\u00f6lgelerinde krizin t\u0131rmanmas\u0131na yol a\u00e7abilir, istikrar ve g\u00fcvenlik sa\u011flamayacakt\u0131r&#8221; dedi.<\/p>\n<p><span style=\"color: #0000ff;\"><a class=\"oajrlxb2 g5ia77u1 qu0x051f esr5mh6w e9989ue4 r7d6kgcz rq0escxv nhd2j8a9 nc684nl6 p7hjln8o kvgmc6g5 cxmmr5t8 oygrvhab hcukyx3x jb3vyjys rz4wbd8a qt6c0cv9 a8nywdso i1ao9s8h esuyzwwr f1sip0of lzcic4wl gpro0wi8 q66pz984 b1v8xokw\" style=\"color: #0000ff;\" tabindex=\"0\" role=\"link\" href=\"https:\/\/www.facebook.com\/hashtag\/telegram_kanal%C4%B1m%C4%B1z?__eep__=6&amp;__cft__[0]=AZVbtOP-SduV_kVGN--gcSpc5VpASy1tJHrCj0LFMUSbyFEKP5aAWLYzbilzH3oCh5aOuQJt_fLldIgqMW_r5DYJTmPk4MOKBvrSMXiEofJn95J7-vwGuDPvFwD5ndm3vubrfgS5ycsoG_twGrzllF2G4cGhTCZ866wEYzYmnPQQPQ&amp;__tn__=*NK-R\">#Telegram_Kanal\u0131m\u0131z<\/a>: <a class=\"oajrlxb2 g5ia77u1 qu0x051f esr5mh6w e9989ue4 r7d6kgcz rq0escxv nhd2j8a9 nc684nl6 p7hjln8o kvgmc6g5 cxmmr5t8 oygrvhab hcukyx3x jb3vyjys rz4wbd8a qt6c0cv9 a8nywdso i1ao9s8h esuyzwwr f1sip0of lzcic4wl gpro0wi8 py34i1dx\" style=\"color: #0000ff;\" tabindex=\"0\" role=\"link\" href=\"https:\/\/l.facebook.com\/l.php?u=https%3A%2F%2Ft.me%2FSuriyeArapHaberAjans%3Ffbclid%3DIwAR11qgml4r4thYUCgiwjuLejXxBmR_HFHGofR38ffnsastgZnv8lWEpU1wo&amp;h=AT3gTbyMyqNsqZpc_ROzXlifuGxCQbGR7RP7UbS2-yJFXHd8oQITl2Y8ZTU3q9wP1sgAOcYQ1NqED2eVkg-eNJNFqkGJUIJNeJWGwzbhpkqTaZXwN7ufirdJR_K7ieQ89SE&amp;__tn__=-UK-R&amp;c[0]=AT2Gi3JkSQF4UkvQocz96-oEyvOV7fIJUsCsd4skOK-2435-aFs3eHI0DaiKsvRukT6AhZSXBElMjb_WJdanEmXXBppcpgY5T5SWs5lCIQ1ZVCxHtPyr5uXaVpgjAujquuPr9SG5R_quw1KZYOBWkzSeyRbYFPajC0FsDnZ3N9u_ZwQwPZJ8-9d2a88URHRMcf7-NfLi\" target=\"_blank\" rel=\"nofollow noopener\">https:\/\/t.me\/SuriyeArapHaberAjans<\/a><\/span><\/p>\n","protected":false},"excerpt":{"rendered":"<p>TAHRAN &#8211; \u0130ran D\u0131\u015fi\u015fleri Bakanl\u0131\u011f\u0131 s\u00f6zc\u00fcs\u00fc Nas\u0131r Ken&#8217;ani, ABD&#8217;nin kuzeydo\u011fu Suriye&#8217;deki askeri varl\u0131\u011f\u0131n\u0131 sona erdirme ve ter\u00f6ristleri desteklemeyi b\u0131rakma gere\u011fini yineledi. Ken&#8217;ani bug\u00fcn d\u00fczenledi\u011fi bas\u0131n toplant\u0131s\u0131nda \u0130ran&#8217;\u0131n b\u00f6lgesel meselelerde a\u011f\u0131rl\u0131\u011f\u0131 oldu\u011funu ve Suriye&#8217;de \u00f6nemli bir rol oynad\u0131\u011f\u0131n\u0131 s\u00f6yleyerek; &#8220;B\u00f6lgemiz, y\u00fcksek maliyetleri b\u00f6lge \u00fclkelerinin ceplerinden \u00f6denen sahte ve sahte d\u0131\u015f ittifaklara ihtiya\u00e7 duymadan, b\u00f6lge \u00fclkeleri aras\u0131ndaki &hellip;<\/p>\n","protected":false},"author":39,"featured_media":259216,"comment_status":"closed","ping_status":"closed","sticky":false,"template":"","format":"standard","meta":{"footnotes":""},"categories":[458,459,17988],"tags":[],"class_list":["post-259215","post","type-post","status-publish","format-standard","has-post-thumbnail","","category-dunya1","category-haberler-arap-uluslararasi-politika","category-son-haberler"],"_links":{"self":[{"href":"https:\/\/archive.sana.sy\/tr\/index.php?rest_route=\/wp\/v2\/posts\/259215","targetHints":{"allow":["GET"]}}],"collection":[{"href":"https:\/\/archive.sana.sy\/tr\/index.php?rest_route=\/wp\/v2\/posts"}],"about":[{"href":"https:\/\/archive.sana.sy\/tr\/index.php?rest_route=\/wp\/v2\/types\/post"}],"author":[{"embeddable":true,"href":"https:\/\/archive.sana.sy\/tr\/index.php?rest_route=\/wp\/v2\/users\/39"}],"replies":[{"embeddable":true,"href":"https:\/\/archive.sana.sy\/tr\/index.php?rest_route=%2Fwp%2Fv2%2Fcomments&post=259215"}],"version-history":[{"count":0,"href":"https:\/\/archive.sana.sy\/tr\/index.php?rest_route=\/wp\/v2\/posts\/259215\/revisions"}],"wp:featuredmedia":[{"embeddable":true,"href":"https:\/\/archive.sana.sy\/tr\/index.php?rest_route=\/wp\/v2\/media\/259216"}],"wp:attachment":[{"href":"https:\/\/archive.sana.sy\/tr\/index.php?rest_route=%2Fwp%2Fv2%2Fmedia&parent=259215"}],"wp:term":[{"taxonomy":"category","embeddable":true,"href":"https:\/\/archive.sana.sy\/tr\/index.php?rest_route=%2Fwp%2Fv2%2Fcategories&post=259215"},{"taxonomy":"post_tag","embeddable":true,"href":"https:\/\/archive.sana.sy\/tr\/index.php?rest_route=%2Fwp%2Fv2%2Ftags&post=259215"}],"curies":[{"name":"wp","href":"https:\/\/api.w.org\/{rel}","templated":true}]}}