{"id":259218,"date":"2022-07-20T13:30:25","date_gmt":"2022-07-20T10:30:25","guid":{"rendered":"http:\/\/107.6.182.27\/tr\/?p=259218"},"modified":"2022-07-20T14:12:40","modified_gmt":"2022-07-20T11:12:40","slug":"mikdad-uluslararasi-toplumu-suriyede-terorun-yiktiklarini-yeniden-imar-etme-eyleminde-aktif-rol-almasina-ve-yerlerinden-edilenlerle-multecilerin-vatanlarina-donmelerini-kolaylastimasina-cagri-yapiy","status":"publish","type":"post","link":"https:\/\/archive.sana.sy\/tr\/?p=259218","title":{"rendered":"Mikdad: Uluslararas\u0131 toplumu Suriye&#8217;de ter\u00f6r\u00fcn y\u0131kt\u0131klar\u0131n\u0131 yeniden imar etme eyleminde aktif rol almas\u0131na ve yerlerinden edilenlerle m\u00fcltecilerin vatanlar\u0131na d\u00f6nmelerini kolayla\u015ft\u0131mas\u0131na \u00e7a\u011fr\u0131 yap\u0131yoruz."},"content":{"rendered":"","protected":false},"excerpt":{"rendered":"","protected":false},"author":1,"featured_media":0,"comment_status":"closed","ping_status":"closed","sticky":false,"template":"","format":"standard","meta":{"footnotes":""},"categories":[1],"tags":[],"class_list":["post-259218","post","type-post","status-publish","format-standard","","category-news-not-sorted"],"_links":{"self":[{"href":"https:\/\/archive.sana.sy\/tr\/index.php?rest_route=\/wp\/v2\/posts\/259218","targetHints":{"allow":["GET"]}}],"collection":[{"href":"https:\/\/archive.sana.sy\/tr\/index.php?rest_route=\/wp\/v2\/posts"}],"about":[{"href":"https:\/\/archive.sana.sy\/tr\/index.php?rest_route=\/wp\/v2\/types\/post"}],"author":[{"embeddable":true,"href":"https:\/\/archive.sana.sy\/tr\/index.php?rest_route=\/wp\/v2\/users\/1"}],"replies":[{"embeddable":true,"href":"https:\/\/archive.sana.sy\/tr\/index.php?rest_route=%2Fwp%2Fv2%2Fcomments&post=259218"}],"version-history":[{"count":0,"href":"https:\/\/archive.sana.sy\/tr\/index.php?rest_route=\/wp\/v2\/posts\/259218\/revisions"}],"wp:attachment":[{"href":"https:\/\/archive.sana.sy\/tr\/index.php?rest_route=%2Fwp%2Fv2%2Fmedia&parent=259218"}],"wp:term":[{"taxonomy":"category","embeddable":true,"href":"https:\/\/archive.sana.sy\/tr\/index.php?rest_route=%2Fwp%2Fv2%2Fcategories&post=259218"},{"taxonomy":"post_tag","embeddable":true,"href":"https:\/\/archive.sana.sy\/tr\/index.php?rest_route=%2Fwp%2Fv2%2Ftags&post=259218"}],"curies":[{"name":"wp","href":"https:\/\/api.w.org\/{rel}","templated":true}]}}