{"id":259222,"date":"2022-07-20T13:45:03","date_gmt":"2022-07-20T10:45:03","guid":{"rendered":"http:\/\/107.6.182.27\/tr\/?p=259222"},"modified":"2022-07-20T14:10:14","modified_gmt":"2022-07-20T11:10:14","slug":"cumhurbaskani-esad-paraguay-cumhuriyeti-senato-konsey-baskani-robin-fernandez-ve-beraberindeki-heyeti-kabulunde-ulkeler-arasindaki-istikrarli-iliskiler-halklarin-cikarlari-esasina-dayali-olarak-kurul","status":"publish","type":"post","link":"https:\/\/archive.sana.sy\/tr\/?p=259222","title":{"rendered":"Cumhurba\u015fkan\u0131 Esad Paraguay Cumhuriyeti Senato Konsey Ba\u015fkan\u0131 Robin Fernandez ve beraberindeki heyeti kabul\u00fcnde, \u00fclkeler aras\u0131ndaki istikrarl\u0131 ili\u015fkiler halklar\u0131n \u00e7\u0131karlar\u0131 esas\u0131na dayal\u0131 olarak kurulan ili\u015fkiler ve aralar\u0131ndaki ortak ba\u011flar\u0131n peki\u015ftirimesine dayal\u0131 oland\u0131r."},"content":{"rendered":"","protected":false},"excerpt":{"rendered":"","protected":false},"author":1,"featured_media":0,"comment_status":"closed","ping_status":"closed","sticky":false,"template":"","format":"standard","meta":{"footnotes":""},"categories":[1],"tags":[],"class_list":["post-259222","post","type-post","status-publish","format-standard","","category-news-not-sorted"],"_links":{"self":[{"href":"https:\/\/archive.sana.sy\/tr\/index.php?rest_route=\/wp\/v2\/posts\/259222","targetHints":{"allow":["GET"]}}],"collection":[{"href":"https:\/\/archive.sana.sy\/tr\/index.php?rest_route=\/wp\/v2\/posts"}],"about":[{"href":"https:\/\/archive.sana.sy\/tr\/index.php?rest_route=\/wp\/v2\/types\/post"}],"author":[{"embeddable":true,"href":"https:\/\/archive.sana.sy\/tr\/index.php?rest_route=\/wp\/v2\/users\/1"}],"replies":[{"embeddable":true,"href":"https:\/\/archive.sana.sy\/tr\/index.php?rest_route=%2Fwp%2Fv2%2Fcomments&post=259222"}],"version-history":[{"count":0,"href":"https:\/\/archive.sana.sy\/tr\/index.php?rest_route=\/wp\/v2\/posts\/259222\/revisions"}],"wp:attachment":[{"href":"https:\/\/archive.sana.sy\/tr\/index.php?rest_route=%2Fwp%2Fv2%2Fmedia&parent=259222"}],"wp:term":[{"taxonomy":"category","embeddable":true,"href":"https:\/\/archive.sana.sy\/tr\/index.php?rest_route=%2Fwp%2Fv2%2Fcategories&post=259222"},{"taxonomy":"post_tag","embeddable":true,"href":"https:\/\/archive.sana.sy\/tr\/index.php?rest_route=%2Fwp%2Fv2%2Ftags&post=259222"}],"curies":[{"name":"wp","href":"https:\/\/api.w.org\/{rel}","templated":true}]}}