{"id":259224,"date":"2022-07-20T13:55:57","date_gmt":"2022-07-20T10:55:57","guid":{"rendered":"http:\/\/107.6.182.27\/tr\/?p=259224"},"modified":"2022-07-21T11:55:30","modified_gmt":"2022-07-21T08:55:30","slug":"mikdad-suriye-topraklarina-herhangi-bir-turk-saldirisi-bolge-guven-ve-istikrarini-zedeler","status":"publish","type":"post","link":"https:\/\/archive.sana.sy\/tr\/?p=259224","title":{"rendered":"Mikdad: Suriye Topraklar\u0131na Herhangi Bir T\u00fcrk Sald\u0131r\u0131s\u0131 B\u00f6lge G\u00fcven Ve \u0130stikrar\u0131n\u0131 Zedeler"},"content":{"rendered":"<p>TAHRAN &#8211; D\u0131\u015fi\u015fleri ve Gurbet\u00e7iler Bakan\u0131 Dr. Faysal Mikdad, Suriye topraklar\u0131na y\u00f6nelik herhangi bir T\u00fcrk sald\u0131r\u0131s\u0131n\u0131n ve s\u00f6zde \u201cg\u00fcvenli b\u00f6lge\u201d olu\u015fturulmas\u0131n\u0131n b\u00f6lgedeki g\u00fcvenlik ve istikrar\u0131 zedeleyece\u011fini belirtti.<\/p>\n<p>Bakan Mikdad, \u0130ran D\u0131\u015fi\u015fleri Bakan\u0131 H\u00fcseyin Emir Abdullehyan ile Tahran&#8217;da d\u00fczenledi\u011fi bas\u0131n toplant\u0131s\u0131nda \u015funlar\u0131 s\u00f6yledi: &#8220;T\u00fcrkle\u015ftirme politikalar\u0131n\u0131 ve T\u00fcrkiye&#8217;nin Suriye i\u015flerine m\u00fcdahalesini reddediyoruz ve yasad\u0131\u015f\u0131 olarak mevcut t\u00fcm yabanc\u0131 g\u00fc\u00e7lerin Suriye topraklar\u0131n\u0131 terk etmesi gerekiyor&#8221; dedi.<\/p>\n<p>Mikdad, &#8221; Suriye dostlar\u0131n\u0131n, Astana zirvesinde Suriye&#8217;nin birli\u011fini, egemenli\u011fini ve ba\u011f\u0131ms\u0131zl\u0131\u011f\u0131n\u0131 belirten dengeli bir beyan ile \u00e7\u0131kmak i\u00e7in g\u00f6sterdikleri \u00e7abalardan memnunuz&#8221; dedi.<\/p>\n<p>Mikdad, &#8221; Mikdad: Amerikan i\u015fgal kuvvetleri ayr\u0131l\u0131k\u00e7\u0131 milislerden edatlar\u0131yla birlikte Suriye&#8217;nin kaynaklar\u0131n\u0131 ya\u011fmalamaya devam ediyor.. Milislerin yabanc\u0131lara bel ba\u011flamamas\u0131 ve vatan kuca\u011f\u0131na d\u00f6nmeleri gerekiyor&#8221; diyerek Amerika&#8217;ya ba\u011fl\u0131 olanlar\u0131n T\u00fcrkiye&#8217;ye Suriye topraklar\u0131n\u0131 i\u015fgal etmesini aklamas\u0131 i\u00e7in bir gerek\u00e7e vermemesi gerekiyor &#8221; dedi.<\/p>\n<p>Mikdat ayr\u0131ca; &#8220;Bat\u0131&#8217;n\u0131n kendi politikalar\u0131na kar\u015f\u0131 \u00e7\u0131kan \u00fclkelere uygulad\u0131\u011f\u0131 yapt\u0131r\u0131mlar uluslararas\u0131 hukuka ve Birle\u015fmi\u015f Milletler S\u00f6zle\u015fmesi&#8217;ne ayk\u0131r\u0131d\u0131r&#8230; Bat\u0131&#8217;n\u0131n d\u00fcnya \u00fczerindeki hegemonyas\u0131n\u0131n sayfas\u0131 kapanm\u0131\u015ft\u0131r&#8221; dedi.<\/p>\n<p><a class=\"oajrlxb2 g5ia77u1 qu0x051f esr5mh6w e9989ue4 r7d6kgcz rq0escxv nhd2j8a9 nc684nl6 p7hjln8o kvgmc6g5 cxmmr5t8 oygrvhab hcukyx3x jb3vyjys rz4wbd8a qt6c0cv9 a8nywdso i1ao9s8h esuyzwwr f1sip0of lzcic4wl gpro0wi8 q66pz984 b1v8xokw\" tabindex=\"0\" role=\"link\" href=\"https:\/\/www.facebook.com\/hashtag\/telegram_kanal%C4%B1m%C4%B1z?__eep__=6&amp;__cft__[0]=AZUZBbUzYmpp3qdSXyzfOKfHGujkgNvM_36bzLrBaaPC453PRZAe1-Dky9n6IBDuiFGuEB1DTmAUHn5m1wU9mfgsqk_1MHj8152FcQ2iz_EcWyu3tKlchNqP7K8WPdV9YoSyTNqkyT-ge5os6B_VgxwfxQUL3W9vHP6MUVgWgvHi6w&amp;__tn__=*NK-R\">#Telegram_Kanal\u0131m\u0131z<\/a>: <a class=\"oajrlxb2 g5ia77u1 qu0x051f esr5mh6w e9989ue4 r7d6kgcz rq0escxv nhd2j8a9 nc684nl6 p7hjln8o kvgmc6g5 cxmmr5t8 oygrvhab hcukyx3x jb3vyjys rz4wbd8a qt6c0cv9 a8nywdso i1ao9s8h esuyzwwr f1sip0of lzcic4wl gpro0wi8 py34i1dx\" tabindex=\"0\" role=\"link\" href=\"https:\/\/l.facebook.com\/l.php?u=https%3A%2F%2Ft.me%2FSuriyeArapHaberAjans%3Ffbclid%3DIwAR3pTYsTrR0GvC07guTpf7ALHpEHI6cVEoJxXqnlUlM8zn6RU6EvscXMmsE&amp;h=AT2PTs8h_ZiTloIPJL5fzAMEqP6DrcQtHHuGkHN8moZXs8JBBHyEPUuOYGsT8wngWNQnzeHSdGc98DFr9gkmDA_Jwafm0pKFy20rv2CpQ6M-WhyH3R6BH2q0YfGn4cFFPfE&amp;__tn__=-UK-R&amp;c[0]=AT3If3zIsaok_Vv5XWH8BacT2eDWqrCWm-EdIwuaqTHKnQYNa-pYB2UERWdtSh_5oqw00kPd7M6kf1bjoblm6a0vCxPs8V73FcRzx-yNSdawky7yE1_RPb-XnKN_g6b9M-1wC8ROed5UBQ0Ks3l0ysDpZFpUR7pcIfRyynKjxdhxYYqAi1b5ldryGIfLkmgJChKsb_sB\" target=\"_blank\" rel=\"nofollow noopener\">https:\/\/t.me\/SuriyeArapHaberAjans<\/a><\/p>\n","protected":false},"excerpt":{"rendered":"<p>TAHRAN &#8211; D\u0131\u015fi\u015fleri ve Gurbet\u00e7iler Bakan\u0131 Dr. Faysal Mikdad, Suriye topraklar\u0131na y\u00f6nelik herhangi bir T\u00fcrk sald\u0131r\u0131s\u0131n\u0131n ve s\u00f6zde \u201cg\u00fcvenli b\u00f6lge\u201d olu\u015fturulmas\u0131n\u0131n b\u00f6lgedeki g\u00fcvenlik ve istikrar\u0131 zedeleyece\u011fini belirtti. Bakan Mikdad, \u0130ran D\u0131\u015fi\u015fleri Bakan\u0131 H\u00fcseyin Emir Abdullehyan ile Tahran&#8217;da d\u00fczenledi\u011fi bas\u0131n toplant\u0131s\u0131nda \u015funlar\u0131 s\u00f6yledi: &#8220;T\u00fcrkle\u015ftirme politikalar\u0131n\u0131 ve T\u00fcrkiye&#8217;nin Suriye i\u015flerine m\u00fcdahalesini reddediyoruz ve yasad\u0131\u015f\u0131 olarak mevcut t\u00fcm &hellip;<\/p>\n","protected":false},"author":39,"featured_media":259225,"comment_status":"closed","ping_status":"closed","sticky":false,"template":"","format":"standard","meta":{"footnotes":""},"categories":[458,459,17988],"tags":[],"class_list":["post-259224","post","type-post","status-publish","format-standard","has-post-thumbnail","","category-dunya1","category-haberler-arap-uluslararasi-politika","category-son-haberler"],"_links":{"self":[{"href":"https:\/\/archive.sana.sy\/tr\/index.php?rest_route=\/wp\/v2\/posts\/259224","targetHints":{"allow":["GET"]}}],"collection":[{"href":"https:\/\/archive.sana.sy\/tr\/index.php?rest_route=\/wp\/v2\/posts"}],"about":[{"href":"https:\/\/archive.sana.sy\/tr\/index.php?rest_route=\/wp\/v2\/types\/post"}],"author":[{"embeddable":true,"href":"https:\/\/archive.sana.sy\/tr\/index.php?rest_route=\/wp\/v2\/users\/39"}],"replies":[{"embeddable":true,"href":"https:\/\/archive.sana.sy\/tr\/index.php?rest_route=%2Fwp%2Fv2%2Fcomments&post=259224"}],"version-history":[{"count":0,"href":"https:\/\/archive.sana.sy\/tr\/index.php?rest_route=\/wp\/v2\/posts\/259224\/revisions"}],"wp:featuredmedia":[{"embeddable":true,"href":"https:\/\/archive.sana.sy\/tr\/index.php?rest_route=\/wp\/v2\/media\/259225"}],"wp:attachment":[{"href":"https:\/\/archive.sana.sy\/tr\/index.php?rest_route=%2Fwp%2Fv2%2Fmedia&parent=259224"}],"wp:term":[{"taxonomy":"category","embeddable":true,"href":"https:\/\/archive.sana.sy\/tr\/index.php?rest_route=%2Fwp%2Fv2%2Fcategories&post=259224"},{"taxonomy":"post_tag","embeddable":true,"href":"https:\/\/archive.sana.sy\/tr\/index.php?rest_route=%2Fwp%2Fv2%2Ftags&post=259224"}],"curies":[{"name":"wp","href":"https:\/\/api.w.org\/{rel}","templated":true}]}}