{"id":259227,"date":"2022-07-20T14:02:21","date_gmt":"2022-07-20T11:02:21","guid":{"rendered":"http:\/\/107.6.182.27\/tr\/?p=259227"},"modified":"2022-07-21T11:51:45","modified_gmt":"2022-07-21T08:51:45","slug":"cumhurbaskani-esad-paraguay-cumhuriyeti-senato-baskani-fernandez-ve-beraberindeki-heyeti-kabul-etti","status":"publish","type":"post","link":"https:\/\/archive.sana.sy\/tr\/?p=259227","title":{"rendered":"Cumhurba\u015fkan\u0131 Esad, Paraguay Cumhuriyeti Senato Ba\u015fkan\u0131 Fernandez Ve Beraberindeki Heyeti Kabul Etti"},"content":{"rendered":"<p>\u015eAM &#8211; Cumhurba\u015fkan\u0131 Be\u015f\u015far Esad, Paraguay Cumhuriyeti Senato Ba\u015fkan\u0131 Oscar Rubin Fernandez ve beraberindeki heyeti kabul etti.<\/p>\n<p>Cumhurba\u015fkan\u0131 Esad, devletler aras\u0131ndaki istikrarl\u0131 ili\u015fkilerin halklar\u0131n \u00e7\u0131karlar\u0131na ve aralar\u0131ndaki ortak ba\u011flar\u0131n g\u00fc\u00e7lendirilmesine dayand\u0131\u011f\u0131n\u0131 belirterek, Suriye ve Paraguay&#8217;daki ekonomik ve ticari faaliyetler aras\u0131ndaki ileti\u015fimi iki dost halk ve \u00fclkenin \u00e7\u0131kar\u0131na yo\u011funla\u015ft\u0131rma \u00e7a\u011fr\u0131s\u0131nda bulundu.<\/p>\n<p>Cumhurba\u015fkan\u0131 Esad, y\u00fczy\u0131llar \u00f6nce Latin Amerika&#8217;ya g\u00f6\u00e7 eden Suriyelilerin bu k\u0131ta ile sosyal ve k\u00fclt\u00fcrel bir k\u00f6pr\u00fc olu\u015fturdu\u011funa i\u015faret ederek, Suriyeli topluluklar\u0131n yeni toplumlara entegre olmadaki ba\u015far\u0131s\u0131n\u0131n, Suriyelilerin en a\u00e7\u0131k halklar aras\u0131nda oldu\u011funu g\u00f6sterdi\u011fini, ayr\u0131ca, bu g\u00f6\u00e7menleri \u0131rk\u00e7\u0131l\u0131k olmadan kucaklayan ve Arap b\u00f6lgesinin sorunlar\u0131na her a\u015famada derin bir anlay\u0131\u015f ve destek g\u00f6steren Latin Amerika halklar\u0131n\u0131n a\u00e7\u0131kl\u0131\u011f\u0131n\u0131 da g\u00f6sterdi\u011fine dikkat \u00e7ekti.<\/p>\n<p>Kendi y\u00f6n\u00fcnden heyet \u00fcyeleri, Suriye&#8217;ye ziyaretlerinin Paraguay ile \u00f6zellikle ekonomik ve ticari alanlarda i\u015fbirli\u011finin ba\u015flang\u0131c\u0131 olaca\u011f\u0131n\u0131 belirterek, Devlet ve Suriye halk\u0131n\u0131n ter\u00f6rizm taraf\u0131ndan tahrip edilenleri yeniden in\u015fa etme \u00e7abalar\u0131n\u0131 \u00f6vd\u00fcler ve Suriye&#8217;nin bir\u00e7ok b\u00f6lgesini ziyaretleri s\u0131ras\u0131nda sahada g\u00f6rd\u00fcklerinin medya arac\u0131l\u0131\u011f\u0131yla aktar\u0131lan g\u00f6r\u00fcnt\u00fcden tamamen farkl\u0131 oldu\u011funa i\u015faret ettiler.<\/p>\n<p><a class=\"oajrlxb2 g5ia77u1 qu0x051f esr5mh6w e9989ue4 r7d6kgcz rq0escxv nhd2j8a9 nc684nl6 p7hjln8o kvgmc6g5 cxmmr5t8 oygrvhab hcukyx3x jb3vyjys rz4wbd8a qt6c0cv9 a8nywdso i1ao9s8h esuyzwwr f1sip0of lzcic4wl gpro0wi8 q66pz984 b1v8xokw\" tabindex=\"0\" role=\"link\" href=\"https:\/\/www.facebook.com\/hashtag\/telegram_kanal%C4%B1m%C4%B1z?__eep__=6&amp;__cft__[0]=AZUZBbUzYmpp3qdSXyzfOKfHGujkgNvM_36bzLrBaaPC453PRZAe1-Dky9n6IBDuiFGuEB1DTmAUHn5m1wU9mfgsqk_1MHj8152FcQ2iz_EcWyu3tKlchNqP7K8WPdV9YoSyTNqkyT-ge5os6B_VgxwfxQUL3W9vHP6MUVgWgvHi6w&amp;__tn__=*NK-R\">#Telegram_Kanal\u0131m\u0131z<\/a>: <a class=\"oajrlxb2 g5ia77u1 qu0x051f esr5mh6w e9989ue4 r7d6kgcz rq0escxv nhd2j8a9 nc684nl6 p7hjln8o kvgmc6g5 cxmmr5t8 oygrvhab hcukyx3x jb3vyjys rz4wbd8a qt6c0cv9 a8nywdso i1ao9s8h esuyzwwr f1sip0of lzcic4wl gpro0wi8 py34i1dx\" tabindex=\"0\" role=\"link\" href=\"https:\/\/l.facebook.com\/l.php?u=https%3A%2F%2Ft.me%2FSuriyeArapHaberAjans%3Ffbclid%3DIwAR3pTYsTrR0GvC07guTpf7ALHpEHI6cVEoJxXqnlUlM8zn6RU6EvscXMmsE&amp;h=AT2PTs8h_ZiTloIPJL5fzAMEqP6DrcQtHHuGkHN8moZXs8JBBHyEPUuOYGsT8wngWNQnzeHSdGc98DFr9gkmDA_Jwafm0pKFy20rv2CpQ6M-WhyH3R6BH2q0YfGn4cFFPfE&amp;__tn__=-UK-R&amp;c[0]=AT3If3zIsaok_Vv5XWH8BacT2eDWqrCWm-EdIwuaqTHKnQYNa-pYB2UERWdtSh_5oqw00kPd7M6kf1bjoblm6a0vCxPs8V73FcRzx-yNSdawky7yE1_RPb-XnKN_g6b9M-1wC8ROed5UBQ0Ks3l0ysDpZFpUR7pcIfRyynKjxdhxYYqAi1b5ldryGIfLkmgJChKsb_sB\" target=\"_blank\" rel=\"nofollow noopener\">https:\/\/t.me\/SuriyeArapHaberAjans<\/a><\/p>\n","protected":false},"excerpt":{"rendered":"<p>\u015eAM &#8211; Cumhurba\u015fkan\u0131 Be\u015f\u015far Esad, Paraguay Cumhuriyeti Senato Ba\u015fkan\u0131 Oscar Rubin Fernandez ve beraberindeki heyeti kabul etti. Cumhurba\u015fkan\u0131 Esad, devletler aras\u0131ndaki istikrarl\u0131 ili\u015fkilerin halklar\u0131n \u00e7\u0131karlar\u0131na ve aralar\u0131ndaki ortak ba\u011flar\u0131n g\u00fc\u00e7lendirilmesine dayand\u0131\u011f\u0131n\u0131 belirterek, Suriye ve Paraguay&#8217;daki ekonomik ve ticari faaliyetler aras\u0131ndaki ileti\u015fimi iki dost halk ve \u00fclkenin \u00e7\u0131kar\u0131na yo\u011funla\u015ft\u0131rma \u00e7a\u011fr\u0131s\u0131nda bulundu. Cumhurba\u015fkan\u0131 Esad, y\u00fczy\u0131llar \u00f6nce Latin &hellip;<\/p>\n","protected":false},"author":1,"featured_media":259229,"comment_status":"closed","ping_status":"closed","sticky":false,"template":"","format":"standard","meta":{"footnotes":""},"categories":[479,17988,478],"tags":[],"class_list":["post-259227","post","type-post","status-publish","format-standard","has-post-thumbnail","","category-haberler-yerel","category-son-haberler","category-yerel"],"_links":{"self":[{"href":"https:\/\/archive.sana.sy\/tr\/index.php?rest_route=\/wp\/v2\/posts\/259227","targetHints":{"allow":["GET"]}}],"collection":[{"href":"https:\/\/archive.sana.sy\/tr\/index.php?rest_route=\/wp\/v2\/posts"}],"about":[{"href":"https:\/\/archive.sana.sy\/tr\/index.php?rest_route=\/wp\/v2\/types\/post"}],"author":[{"embeddable":true,"href":"https:\/\/archive.sana.sy\/tr\/index.php?rest_route=\/wp\/v2\/users\/1"}],"replies":[{"embeddable":true,"href":"https:\/\/archive.sana.sy\/tr\/index.php?rest_route=%2Fwp%2Fv2%2Fcomments&post=259227"}],"version-history":[{"count":0,"href":"https:\/\/archive.sana.sy\/tr\/index.php?rest_route=\/wp\/v2\/posts\/259227\/revisions"}],"wp:featuredmedia":[{"embeddable":true,"href":"https:\/\/archive.sana.sy\/tr\/index.php?rest_route=\/wp\/v2\/media\/259229"}],"wp:attachment":[{"href":"https:\/\/archive.sana.sy\/tr\/index.php?rest_route=%2Fwp%2Fv2%2Fmedia&parent=259227"}],"wp:term":[{"taxonomy":"category","embeddable":true,"href":"https:\/\/archive.sana.sy\/tr\/index.php?rest_route=%2Fwp%2Fv2%2Fcategories&post=259227"},{"taxonomy":"post_tag","embeddable":true,"href":"https:\/\/archive.sana.sy\/tr\/index.php?rest_route=%2Fwp%2Fv2%2Ftags&post=259227"}],"curies":[{"name":"wp","href":"https:\/\/api.w.org\/{rel}","templated":true}]}}