{"id":259235,"date":"2022-07-20T23:25:47","date_gmt":"2022-07-20T20:25:47","guid":{"rendered":"http:\/\/107.6.182.27\/tr\/?p=259235"},"modified":"2022-07-21T08:29:26","modified_gmt":"2022-07-21T05:29:26","slug":"dsg-milisleri-deyrezzor-kirsalinin-dogusunda-birkac-genci-kacirdi","status":"publish","type":"post","link":"https:\/\/archive.sana.sy\/tr\/?p=259235","title":{"rendered":"\u201cDSG\u201d Milisleri, Deyrezzor K\u0131rsal\u0131n\u0131n Do\u011fusunda Birka\u00e7 Genci Ka\u00e7\u0131rd\u0131"},"content":{"rendered":"<p style=\"text-align: justify;\">HASEKE \u2013 Amerikan i\u015fgaliyle ba\u011flant\u0131l\u0131 \u201cDSG\u201d milisleri, Deyrrezor&#8217;un do\u011fu k\u0131rsal\u0131ndaki Havi el Jarzi b\u00f6lgesinde bir bask\u0131n kampanyas\u0131 y\u00fcr\u00fctt\u00fc ve onlarca genci ka\u00e7\u0131rarak onlara kat\u0131lmaya ve saflar\u0131nda sava\u015fmaya zorlad\u0131.<\/p>\n<p style=\"text-align: justify;\">Yerel kaynaklar SANA muhabirine, \u201cDSG\u201d milislerine ait be\u015f askeri arac\u0131n Deyrezzor&#8217;un do\u011fu k\u0131rsal\u0131ndaki Havi el Jarzi b\u00f6lgesindeki yerle\u015fim yerlerini kordon alt\u0131na ald\u0131d\u0131\u011f\u0131n\u0131 s\u00f6yledi. Kaynaklar bu ba\u011flamda, milislerin birka\u00e7 gen\u00e7 adam\u0131 ka\u00e7\u0131rd\u0131\u011f\u0131n\u0131 ve onlar\u0131 milis saflar\u0131na zorla almak ve cepheye atmak i\u00e7in muhtemelen e\u011fitim kamplar\u0131 olabilecek bilinmeyen bir yere g\u00f6t\u00fcrd\u00fc\u011f\u00fcn\u00fc s\u00f6zlerine ekledi.<\/p>\n<p style=\"text-align: justify;\">Kaynaklar ayr\u0131ca, bask\u0131nlar s\u0131ras\u0131nda \u201cDSG\u201d milislerinin evleri arad\u0131\u011f\u0131n\u0131, kap\u0131lar\u0131 k\u0131rd\u0131\u011f\u0131n\u0131, e\u015fyalar\u0131n bir k\u0131sm\u0131n\u0131 \u00e7ald\u0131\u011f\u0131n\u0131 ve mahalle sakinlerini korkutmak amac\u0131yla geli\u015fig\u00fczel kur\u015fun s\u0131kt\u0131\u011f\u0131n\u0131 de belirtti.<\/p>\n<p style=\"text-align: justify;\">P.M.<\/p>\n","protected":false},"excerpt":{"rendered":"<p>HASEKE \u2013 Amerikan i\u015fgaliyle ba\u011flant\u0131l\u0131 \u201cDSG\u201d milisleri, Deyrrezor&#8217;un do\u011fu k\u0131rsal\u0131ndaki Havi el Jarzi b\u00f6lgesinde bir bask\u0131n kampanyas\u0131 y\u00fcr\u00fctt\u00fc ve onlarca genci ka\u00e7\u0131rarak onlara kat\u0131lmaya ve saflar\u0131nda sava\u015fmaya zorlad\u0131. Yerel kaynaklar SANA muhabirine, \u201cDSG\u201d milislerine ait be\u015f askeri arac\u0131n Deyrezzor&#8217;un do\u011fu k\u0131rsal\u0131ndaki Havi el Jarzi b\u00f6lgesindeki yerle\u015fim yerlerini kordon alt\u0131na ald\u0131d\u0131\u011f\u0131n\u0131 s\u00f6yledi. Kaynaklar bu ba\u011flamda, milislerin &hellip;<\/p>\n","protected":false},"author":1,"featured_media":0,"comment_status":"closed","ping_status":"closed","sticky":false,"template":"","format":"standard","meta":{"footnotes":""},"categories":[479,575,17988,478],"tags":[],"class_list":["post-259235","post","type-post","status-publish","format-standard","","category-haberler-yerel","category-olaylar-ve-gercekler","category-son-haberler","category-yerel"],"_links":{"self":[{"href":"https:\/\/archive.sana.sy\/tr\/index.php?rest_route=\/wp\/v2\/posts\/259235","targetHints":{"allow":["GET"]}}],"collection":[{"href":"https:\/\/archive.sana.sy\/tr\/index.php?rest_route=\/wp\/v2\/posts"}],"about":[{"href":"https:\/\/archive.sana.sy\/tr\/index.php?rest_route=\/wp\/v2\/types\/post"}],"author":[{"embeddable":true,"href":"https:\/\/archive.sana.sy\/tr\/index.php?rest_route=\/wp\/v2\/users\/1"}],"replies":[{"embeddable":true,"href":"https:\/\/archive.sana.sy\/tr\/index.php?rest_route=%2Fwp%2Fv2%2Fcomments&post=259235"}],"version-history":[{"count":0,"href":"https:\/\/archive.sana.sy\/tr\/index.php?rest_route=\/wp\/v2\/posts\/259235\/revisions"}],"wp:attachment":[{"href":"https:\/\/archive.sana.sy\/tr\/index.php?rest_route=%2Fwp%2Fv2%2Fmedia&parent=259235"}],"wp:term":[{"taxonomy":"category","embeddable":true,"href":"https:\/\/archive.sana.sy\/tr\/index.php?rest_route=%2Fwp%2Fv2%2Fcategories&post=259235"},{"taxonomy":"post_tag","embeddable":true,"href":"https:\/\/archive.sana.sy\/tr\/index.php?rest_route=%2Fwp%2Fv2%2Ftags&post=259235"}],"curies":[{"name":"wp","href":"https:\/\/api.w.org\/{rel}","templated":true}]}}