{"id":259238,"date":"2022-07-20T23:27:24","date_gmt":"2022-07-20T20:27:24","guid":{"rendered":"http:\/\/107.6.182.27\/tr\/?p=259238"},"modified":"2022-07-21T08:29:44","modified_gmt":"2022-07-21T05:29:44","slug":"buyukelci-sabbag-bazi-ulkeler-dusmanca-yaklasimlarini-surdurup-suriyedeki-kimyasal-dosyayi-siyasallastiriyor","status":"publish","type":"post","link":"https:\/\/archive.sana.sy\/tr\/?p=259238","title":{"rendered":"B\u00fcy\u00fckel\u00e7i Sabba\u011f: Baz\u0131 \u00dclkeler D\u00fc\u015fmanca Yakla\u015f\u0131mlar\u0131n\u0131 S\u00fcrd\u00fcr\u00fcp Suriye&#8217;deki \u201cKimyasal Dosyay\u0131\u201d Siyasalla\u015ft\u0131r\u0131yor"},"content":{"rendered":"<p style=\"text-align: justify;\">NEW YORK \u2013 Suriye&#8217;nin Birle\u015fmi\u015f Milletler Daimi Temsilcisi B\u00fcy\u00fckel\u00e7i Bassam Sabba\u011f, baz\u0131 \u00fclkelerin d\u00fc\u015fmanca yakla\u015f\u0131mlar\u0131n\u0131 s\u00fcrd\u00fcrd\u00fc\u011f\u00fcn\u00fc ve Suriye&#8217;deki \u201ckimyasal dosyay\u0131\u201d siyasalla\u015ft\u0131rd\u0131\u011f\u0131n\u0131, Yasaklama \u00d6rg\u00fct\u00fc&#8217;n\u00fcn teknik sekreterli\u011finin ise baz\u0131 y\u00f6nleriyle ilgilenmeyi erteledi\u011fini teyit etti.<\/p>\n<p style=\"text-align: justify;\">Sabba\u011f, Suriye&#8217;deki s\u00f6zde &#8220;kimyasal dosya&#8221; hakk\u0131nda bug\u00fcn bir G\u00fcvenlik Konseyi toplant\u0131s\u0131nda, \u201cSabba\u011f, Suriye&#8217;nin Kimyasal Silahlar S\u00f6zle\u015fmesine g\u00f6n\u00fcll\u00fc olarak kat\u0131ld\u0131\u011f\u0131n\u0131 ve derhal uygulanmas\u0131na izin verdi\u011fini\u201d belirtti.<\/p>\n<p style=\"text-align: justify;\">Sabba\u011f, Suriye&#8217;nin kimyasal silahlar\u0131n ve \u00fcretim tesislerinin imhas\u0131na ili\u015fkin faaliyetlere ili\u015fkin 104. ayl\u0131k raporunu sundu\u011funu ve Yasaklama \u00d6rg\u00fct\u00fc ve Birle\u015fmi\u015f Milletler Proje Hizmetleri Ofisi ile anla\u015fmay\u0131 alt\u0131 ayl\u0131\u011f\u0131na uzatmay\u0131 kabul etti\u011fini belirtti. Sabba\u011f, Suriye Ulusal Komitesi&#8217;nin \u00f6rg\u00fctle i\u015fbirli\u011fi yapmas\u0131n\u0131n ve S\u00f6zle\u015fme kapsam\u0131ndaki y\u00fck\u00fcml\u00fcl\u00fcklerini yerine getirmesinin nank\u00f6rl\u00fck ve inkarla kar\u015f\u0131lanmas\u0131n\u0131 \u00fcz\u00fcnt\u00fcyle dile getirdi.<\/p>\n<p style=\"text-align: justify;\">Suriye&#8217;nin Birle\u015fmi\u015f Milletler daimi temsilcisi, d\u0131\u015fi\u015fleri bakan\u0131 ile \u00f6rg\u00fct\u00fcn genel m\u00fcd\u00fcr\u00fc aras\u0131ndaki \u00fcst d\u00fczey toplant\u0131yla ilgili olarak, Suriye&#8217;nin bu toplant\u0131y\u0131 d\u00fczenleme davetini derhal memnuniyetle kar\u015f\u0131lad\u0131\u011f\u0131n\u0131 ve m\u00fcmk\u00fcn olan en k\u0131sa s\u00fcrede d\u00fczenlemeye istekli oldu\u011funu belirtti.<\/p>\n<p style=\"text-align: justify;\">Sabba\u011f, Taraf Devletler Konferans\u0131&#8217;n\u0131n karar\u0131n\u0131n, hi\u00e7bir \u015fekilde, Genel Direkt\u00f6r\u00fcn Suriye ile ileti\u015fim kurma g\u00f6revinden vazge\u00e7ti\u011fi ve iki taraf aras\u0131nda \u00e7\u00f6z\u00fclmemi\u015f baz\u0131 sorunlar\u0131 \u00e7\u00f6zmeye \u00e7al\u0131\u015ft\u0131\u011f\u0131 anlam\u0131na gelmedi\u011fini belirtti.<\/p>\n<p style=\"text-align: justify;\">Bildirgenin de\u011ferlendirme ekibinin \u00e7al\u0131\u015fmalar\u0131yla ilgili olarak Sabba\u011f, Suriye&#8217;nin 25. isti\u015fare turunu ve ekibin bir ki\u015fi d\u0131\u015f\u0131nda, ge\u00e7erli nedenlerle \u015eam&#8217;\u0131 ziyaret etmesini memnuniyetle kar\u015f\u0131lad\u0131\u011f\u0131n\u0131 ifade etti. Sabba\u011f, Suriye Ulusal Komitesi&#8217;nin, s\u0131n\u0131rl\u0131 sonu\u00e7lar\u0131n fark\u0131nda olmas\u0131na ra\u011fmen, teknik sekreterli\u011fin ekibin \u015fu anda \u00e7al\u0131\u015fmas\u0131na ili\u015fkin yaz\u0131\u015fma al\u0131\u015fveri\u015finde bulunma \u00f6nerisini kabul etti\u011fini belirtti.<\/p>\n<p style=\"text-align: justify;\">Sabba\u011f, Suriye&#8217;nin ter\u00f6r \u00f6rg\u00fctlerinin kimyasal silah kulland\u0131\u011f\u0131 bir dizi olay\u0131 Teknik Sekreterli\u011fe bildirdi\u011fini ve olay tespit heyetinden bunlar\u0131 soru\u015fturmas\u0131n\u0131 istedi\u011fini, ancak heyetin bu olaylarla ilgili raporlar\u0131n\u0131 \u015fu ana kadar sunmad\u0131\u011f\u0131n\u0131 belirtti.<\/p>\n<p style=\"text-align: justify;\">\u00dcye Devletlerin delegelerine yan\u0131t olarak Sabba\u011f, \u201cAmerika Birle\u015fik Devletleri, Fransa ve Arnavutluk delegelerinin bu t\u00fcr yap\u0131c\u0131 olmayan d\u00fc\u015fmanca a\u00e7\u0131klamalar\u0131 \u00e7\u00f6z\u00fcme de\u011fil, daha \u00e7ok kar\u0131\u015f\u0131kl\u0131\u011fa yol a\u00e7maktad\u0131r. Bu delegeler, bu t\u00fcr a\u00e7\u0131klamalardan ka\u00e7\u0131nmal\u0131 ve Konsey&#8217;in sorumluluklar\u0131n\u0131 Birle\u015fmi\u015f Milletler \u015eart\u0131&#8217;na uygun olarak, \u00fcye devletlerin egemenlik ve ba\u011f\u0131ms\u0131zl\u0131\u011f\u0131na tam sayg\u0131 g\u00f6stererek ve i\u00e7i\u015flerine kar\u0131\u015fmadan yerine getirmesini sa\u011flamak i\u00e7in olumlu bir yakla\u015f\u0131m benimsemelidir\u201d ifadeleri kulland\u0131.<\/p>\n<p style=\"text-align: justify;\">Suriye\u2019nin daimi temsilcisi ayr\u0131ca, G\u00fcvenlik Konseyi ve Kimyasal Silahlar\u0131n Yasaklanmas\u0131 \u00d6rg\u00fct\u00fc Y\u00fcr\u00fctme Konseyi&#8217;nin daimi \u00fcyesi olan Amerika Birle\u015fik Devletleri&#8217;nin, bu kararlarda yer alan s\u00f6ylem diline uymas\u0131 gerekti\u011fine i\u015faret etti.<\/p>\n<p style=\"text-align: justify;\">P.M.<\/p>\n","protected":false},"excerpt":{"rendered":"<p>NEW YORK \u2013 Suriye&#8217;nin Birle\u015fmi\u015f Milletler Daimi Temsilcisi B\u00fcy\u00fckel\u00e7i Bassam Sabba\u011f, baz\u0131 \u00fclkelerin d\u00fc\u015fmanca yakla\u015f\u0131mlar\u0131n\u0131 s\u00fcrd\u00fcrd\u00fc\u011f\u00fcn\u00fc ve Suriye&#8217;deki \u201ckimyasal dosyay\u0131\u201d siyasalla\u015ft\u0131rd\u0131\u011f\u0131n\u0131, Yasaklama \u00d6rg\u00fct\u00fc&#8217;n\u00fcn teknik sekreterli\u011finin ise baz\u0131 y\u00f6nleriyle ilgilenmeyi erteledi\u011fini teyit etti. Sabba\u011f, Suriye&#8217;deki s\u00f6zde &#8220;kimyasal dosya&#8221; hakk\u0131nda bug\u00fcn bir G\u00fcvenlik Konseyi toplant\u0131s\u0131nda, \u201cSabba\u011f, Suriye&#8217;nin Kimyasal Silahlar S\u00f6zle\u015fmesine g\u00f6n\u00fcll\u00fc olarak kat\u0131ld\u0131\u011f\u0131n\u0131 ve derhal uygulanmas\u0131na izin &hellip;<\/p>\n","protected":false},"author":1,"featured_media":0,"comment_status":"closed","ping_status":"closed","sticky":false,"template":"","format":"standard","meta":{"footnotes":""},"categories":[458,459,17988],"tags":[],"class_list":["post-259238","post","type-post","status-publish","format-standard","","category-dunya1","category-haberler-arap-uluslararasi-politika","category-son-haberler"],"_links":{"self":[{"href":"https:\/\/archive.sana.sy\/tr\/index.php?rest_route=\/wp\/v2\/posts\/259238","targetHints":{"allow":["GET"]}}],"collection":[{"href":"https:\/\/archive.sana.sy\/tr\/index.php?rest_route=\/wp\/v2\/posts"}],"about":[{"href":"https:\/\/archive.sana.sy\/tr\/index.php?rest_route=\/wp\/v2\/types\/post"}],"author":[{"embeddable":true,"href":"https:\/\/archive.sana.sy\/tr\/index.php?rest_route=\/wp\/v2\/users\/1"}],"replies":[{"embeddable":true,"href":"https:\/\/archive.sana.sy\/tr\/index.php?rest_route=%2Fwp%2Fv2%2Fcomments&post=259238"}],"version-history":[{"count":0,"href":"https:\/\/archive.sana.sy\/tr\/index.php?rest_route=\/wp\/v2\/posts\/259238\/revisions"}],"wp:attachment":[{"href":"https:\/\/archive.sana.sy\/tr\/index.php?rest_route=%2Fwp%2Fv2%2Fmedia&parent=259238"}],"wp:term":[{"taxonomy":"category","embeddable":true,"href":"https:\/\/archive.sana.sy\/tr\/index.php?rest_route=%2Fwp%2Fv2%2Fcategories&post=259238"},{"taxonomy":"post_tag","embeddable":true,"href":"https:\/\/archive.sana.sy\/tr\/index.php?rest_route=%2Fwp%2Fv2%2Ftags&post=259238"}],"curies":[{"name":"wp","href":"https:\/\/api.w.org\/{rel}","templated":true}]}}