{"id":259311,"date":"2022-07-21T15:26:35","date_gmt":"2022-07-21T12:26:35","guid":{"rendered":"http:\/\/107.6.182.27\/tr\/?p=259311"},"modified":"2022-07-22T08:46:53","modified_gmt":"2022-07-22T05:46:53","slug":"dsg-milisleri-hasekede-onlarca-insani-hedef-alarak-gencler-icin-genis-capli-adam-kacirma-hamleleri-yurutuyor","status":"publish","type":"post","link":"https:\/\/archive.sana.sy\/tr\/?p=259311","title":{"rendered":"DSG Milisleri, Haseke&#8217;de Onlarca \u0130nsan\u0131 Hedef Alarak Gen\u00e7ler \u0130\u00e7in Geni\u015f \u00c7apl\u0131 Adam Ka\u00e7\u0131rma Hamleleri Y\u00fcr\u00fct\u00fcyor"},"content":{"rendered":"<p><span lang=\"TR\"><span style=\"color: #000000; font-family: Calibri;\"><span style=\"color: #800000;\">HASEKE<\/span> &#8211; Ge\u00e7ti\u011fimiz saatlerde, Amerikan i\u015fgal g\u00fc\u00e7lerine ba\u011fl\u0131 \u201cDSG\u201d milisleri, ile ba\u011fl\u0131 bir\u00e7ok \u015fehir ve k\u00f6ye d\u00fczenledi\u011fi bask\u0131nlarda \u00e7ocuklar\u0131na y\u00f6nelik bu ihlallerin durdurulmas\u0131n\u0131 talep eden insanlar aras\u0131nda hakim olan bir \u00f6fke ve ret halinin ortas\u0131nda onlarca genci ka\u00e7\u0131rd\u0131 ve kamplar\u0131na g\u00f6t\u00fcrd\u00fc.<\/span><\/span><\/p>\n<p><span lang=\"TR\"><span style=\"color: #000000; font-family: Calibri;\">Haseke kentindeki yerel kaynaklar SANA muhabirine verdi\u011fi deme\u00e7te, &#8220;DSG&#8221;ye ba\u011fl\u0131 silahl\u0131 gruplar, Haseke \u015fehri i\u00e7indeki, \u00f6zellikle Guveyran ve el Ne\u015fva mahallelerindeki kontrol noktalar\u0131ndan ge\u00e7erken, gen\u00e7leri orduya katmak ve sava\u015f cephelerine itmek i\u00e7in \u00e7ok say\u0131da genci ka\u00e7\u0131rd\u0131\u011f\u0131n\u0131&#8221; s\u00f6yledi.<\/span><\/span><\/p>\n<p><span lang=\"TR\"><span style=\"color: #000000; font-family: Calibri;\">Kaynaklara g\u00f6re, ka\u00e7\u0131r\u0131lanlar aras\u0131nda 15 ya\u015f\u0131 a\u015fmayan \u00e7ocuklar da bulunuyor.<\/span><\/span><\/p>\n<p><span lang=\"TR\"><span style=\"color: #000000; font-family: Calibri;\">Milisler halka a\u00e7\u0131k yollarda ba\u015fka barikatlar kurdular, n\u00fcfus c\u00fczdanlar\u0131n\u0131 kontrol ederek prosed\u00fcrleri s\u0131k\u0131la\u015ft\u0131rd\u0131lar ve 15 ila 40 ya\u015f aras\u0131ndaki herkesi ka\u00e7\u0131rd\u0131lar.<\/span><\/span><\/p>\n<p><span lang=\"TR\"><span style=\"color: #000000; font-family: Calibri;\">Sivil kaynaklara g\u00f6re milisler, Kam\u0131\u015fl\u0131 kentinde ana yol boyunca kontrol noktalar\u0131 kurdu, silahl\u0131 ki\u015filer ayr\u0131ca \u00f6zel ara\u00e7lar\u0131 ve yolcu otob\u00fcslerini durdurdu ve \u00e7ok say\u0131da genci ka\u00e7\u0131rd\u0131.<\/span><\/span><\/p>\n<p><span lang=\"TR\"><span style=\"color: #000000; font-family: Calibri;\">Kam\u0131\u015fl\u0131&#8217;n\u0131n do\u011fu k\u0131rsal\u0131nda, milisler Ma&#8217;bad beldesinde gen\u00e7leri aramak i\u00e7in bir dizi eve bask\u0131n d\u00fczenledi ve hayvanlar\u0131n\u0131 satt\u0131klar\u0131 esnada birka\u00e7\u0131n\u0131 ka\u00e7\u0131rd\u0131.<\/span><\/span><\/p>\n<p><span lang=\"TR\"><span style=\"color: #000000; font-family: Calibri;\">Kaynaklar, milislere ba\u011fl\u0131 silahl\u0131 gruplar\u0131n Al Yarubiyye pazar\u0131n\u0131 ve uluslararas\u0131 yola yak\u0131n k\u00f6yleri, buralardan tesad\u00fcfen ge\u00e7en gen\u00e7 erkekleri aramak i\u00e7in dola\u015ft\u0131\u011f\u0131n\u0131 da s\u00f6zlerine ekledi.<\/span><\/span><\/p>\n<p><span lang=\"TR\"><span style=\"color: #000000; font-family: Calibri;\">El Kahtaniye beldesi ve k\u0131rsal\u0131ndan yerel kaynaklar da, milis kontrol noktalar\u0131n\u0131n El Kahtaniye&#8217;den Kam\u0131\u015fl\u0131 \u015fehrine giderken \u00e7ok say\u0131da genci ka\u00e7\u0131rd\u0131\u011f\u0131n\u0131 ve insanlar\u0131n o\u011fullar\u0131 ile ileti\u015fim kurmaya \u00e7al\u0131\u015ft\u0131klar\u0131n\u0131 ancak sonu\u00e7 alamad\u0131klar\u0131n\u0131 bildirdi. <\/span><\/span><\/p>\n<p><span lang=\"TR\"><span style=\"color: #000000; font-family: Calibri;\">Halk, \u201cDSG\u201d milislerinin o\u011fullar\u0131n\u0131 kendi saflar\u0131nda sava\u015fmak i\u00e7in almalar\u0131, nas\u0131l ba\u015flayaca\u011f\u0131n\u0131 ve ne zaman bitece\u011fini bilmedikleri bir sava\u015fa mecbur b\u0131rak\u0131lmalar\u0131ndan endi\u015fe duyuyor.<\/span><\/span><\/p>\n","protected":false},"excerpt":{"rendered":"<p>HASEKE &#8211; Ge\u00e7ti\u011fimiz saatlerde, Amerikan i\u015fgal g\u00fc\u00e7lerine ba\u011fl\u0131 \u201cDSG\u201d milisleri, ile ba\u011fl\u0131 bir\u00e7ok \u015fehir ve k\u00f6ye d\u00fczenledi\u011fi bask\u0131nlarda \u00e7ocuklar\u0131na y\u00f6nelik bu ihlallerin durdurulmas\u0131n\u0131 talep eden insanlar aras\u0131nda hakim olan bir \u00f6fke ve ret halinin ortas\u0131nda onlarca genci ka\u00e7\u0131rd\u0131 ve kamplar\u0131na g\u00f6t\u00fcrd\u00fc. Haseke kentindeki yerel kaynaklar SANA muhabirine verdi\u011fi deme\u00e7te, &#8220;DSG&#8221;ye ba\u011fl\u0131 silahl\u0131 gruplar, Haseke \u015fehri &hellip;<\/p>\n","protected":false},"author":1,"featured_media":259312,"comment_status":"closed","ping_status":"closed","sticky":false,"template":"","format":"standard","meta":{"footnotes":""},"categories":[479,575,17988,478],"tags":[],"class_list":["post-259311","post","type-post","status-publish","format-standard","has-post-thumbnail","","category-haberler-yerel","category-olaylar-ve-gercekler","category-son-haberler","category-yerel"],"_links":{"self":[{"href":"https:\/\/archive.sana.sy\/tr\/index.php?rest_route=\/wp\/v2\/posts\/259311","targetHints":{"allow":["GET"]}}],"collection":[{"href":"https:\/\/archive.sana.sy\/tr\/index.php?rest_route=\/wp\/v2\/posts"}],"about":[{"href":"https:\/\/archive.sana.sy\/tr\/index.php?rest_route=\/wp\/v2\/types\/post"}],"author":[{"embeddable":true,"href":"https:\/\/archive.sana.sy\/tr\/index.php?rest_route=\/wp\/v2\/users\/1"}],"replies":[{"embeddable":true,"href":"https:\/\/archive.sana.sy\/tr\/index.php?rest_route=%2Fwp%2Fv2%2Fcomments&post=259311"}],"version-history":[{"count":0,"href":"https:\/\/archive.sana.sy\/tr\/index.php?rest_route=\/wp\/v2\/posts\/259311\/revisions"}],"wp:featuredmedia":[{"embeddable":true,"href":"https:\/\/archive.sana.sy\/tr\/index.php?rest_route=\/wp\/v2\/media\/259312"}],"wp:attachment":[{"href":"https:\/\/archive.sana.sy\/tr\/index.php?rest_route=%2Fwp%2Fv2%2Fmedia&parent=259311"}],"wp:term":[{"taxonomy":"category","embeddable":true,"href":"https:\/\/archive.sana.sy\/tr\/index.php?rest_route=%2Fwp%2Fv2%2Fcategories&post=259311"},{"taxonomy":"post_tag","embeddable":true,"href":"https:\/\/archive.sana.sy\/tr\/index.php?rest_route=%2Fwp%2Fv2%2Ftags&post=259311"}],"curies":[{"name":"wp","href":"https:\/\/api.w.org\/{rel}","templated":true}]}}