{"id":259314,"date":"2022-07-21T15:30:17","date_gmt":"2022-07-21T12:30:17","guid":{"rendered":"http:\/\/107.6.182.27\/tr\/?p=259314"},"modified":"2022-07-23T09:00:28","modified_gmt":"2022-07-23T06:00:28","slug":"dera-kirsalinda-meydana-gelen-teror-saldirisinda-3-polis-sehit-oldu-2-polis-yaralandi","status":"publish","type":"post","link":"https:\/\/archive.sana.sy\/tr\/?p=259314","title":{"rendered":"Dera K\u0131rsal\u0131nda Meydana Gelen Ter\u00f6r Sald\u0131r\u0131s\u0131nda 3 Polis \u015eehit Oldu, 2 Polis Yaraland\u0131"},"content":{"rendered":"<p><span style=\"color: #800000;\">DERA<\/span> &#8211; Dera&#8217;n\u0131n do\u011fu k\u0131rsal\u0131nda devriyeye d\u00fczenlenen ter\u00f6r sald\u0131r\u0131s\u0131nda \u0130\u00e7 G\u00fcvenlik G\u00fc\u00e7leri mensubu \u00fc\u00e7 ki\u015fi \u015fehit oldu, iki ki\u015fi de yaraland\u0131.<\/p>\n<p>Dera Polis Komutanl\u0131\u011f\u0131ndan bir kaynak SANA muhabirine verdi\u011fi deme\u00e7te, bir ter\u00f6rist grubun bir polis devriyesine hafif silahlarla sald\u0131rd\u0131\u011f\u0131n\u0131 ve ard\u0131ndan Dera-Garz cezaevi yolunda bir patlay\u0131c\u0131n\u0131n infilak ederek \u00fc\u00e7 \u00fcyeyi \u015fehit d\u00fc\u015f\u00fcrd\u00fc\u011f\u00fcn\u00fc di\u011ferlerini de yaralad\u0131\u011f\u0131n\u0131 s\u00f6yledi.<\/p>\n","protected":false},"excerpt":{"rendered":"<p>DERA &#8211; Dera&#8217;n\u0131n do\u011fu k\u0131rsal\u0131nda devriyeye d\u00fczenlenen ter\u00f6r sald\u0131r\u0131s\u0131nda \u0130\u00e7 G\u00fcvenlik G\u00fc\u00e7leri mensubu \u00fc\u00e7 ki\u015fi \u015fehit oldu, iki ki\u015fi de yaraland\u0131. Dera Polis Komutanl\u0131\u011f\u0131ndan bir kaynak SANA muhabirine verdi\u011fi deme\u00e7te, bir ter\u00f6rist grubun bir polis devriyesine hafif silahlarla sald\u0131rd\u0131\u011f\u0131n\u0131 ve ard\u0131ndan Dera-Garz cezaevi yolunda bir patlay\u0131c\u0131n\u0131n infilak ederek \u00fc\u00e7 \u00fcyeyi \u015fehit d\u00fc\u015f\u00fcrd\u00fc\u011f\u00fcn\u00fc di\u011ferlerini de yaralad\u0131\u011f\u0131n\u0131 &hellip;<\/p>\n","protected":false},"author":1,"featured_media":259315,"comment_status":"closed","ping_status":"closed","sticky":false,"template":"","format":"standard","meta":{"footnotes":""},"categories":[479,575,17988,478],"tags":[],"class_list":["post-259314","post","type-post","status-publish","format-standard","has-post-thumbnail","","category-haberler-yerel","category-olaylar-ve-gercekler","category-son-haberler","category-yerel"],"_links":{"self":[{"href":"https:\/\/archive.sana.sy\/tr\/index.php?rest_route=\/wp\/v2\/posts\/259314","targetHints":{"allow":["GET"]}}],"collection":[{"href":"https:\/\/archive.sana.sy\/tr\/index.php?rest_route=\/wp\/v2\/posts"}],"about":[{"href":"https:\/\/archive.sana.sy\/tr\/index.php?rest_route=\/wp\/v2\/types\/post"}],"author":[{"embeddable":true,"href":"https:\/\/archive.sana.sy\/tr\/index.php?rest_route=\/wp\/v2\/users\/1"}],"replies":[{"embeddable":true,"href":"https:\/\/archive.sana.sy\/tr\/index.php?rest_route=%2Fwp%2Fv2%2Fcomments&post=259314"}],"version-history":[{"count":0,"href":"https:\/\/archive.sana.sy\/tr\/index.php?rest_route=\/wp\/v2\/posts\/259314\/revisions"}],"wp:featuredmedia":[{"embeddable":true,"href":"https:\/\/archive.sana.sy\/tr\/index.php?rest_route=\/wp\/v2\/media\/259315"}],"wp:attachment":[{"href":"https:\/\/archive.sana.sy\/tr\/index.php?rest_route=%2Fwp%2Fv2%2Fmedia&parent=259314"}],"wp:term":[{"taxonomy":"category","embeddable":true,"href":"https:\/\/archive.sana.sy\/tr\/index.php?rest_route=%2Fwp%2Fv2%2Fcategories&post=259314"},{"taxonomy":"post_tag","embeddable":true,"href":"https:\/\/archive.sana.sy\/tr\/index.php?rest_route=%2Fwp%2Fv2%2Ftags&post=259314"}],"curies":[{"name":"wp","href":"https:\/\/api.w.org\/{rel}","templated":true}]}}