{"id":259317,"date":"2022-07-21T15:32:50","date_gmt":"2022-07-21T12:32:50","guid":{"rendered":"http:\/\/107.6.182.27\/tr\/?p=259317"},"modified":"2022-07-23T09:00:34","modified_gmt":"2022-07-23T06:00:34","slug":"mikdad-velayeti-ile-ikili-iliskileri-ve-ortak-cikarlari-gorustu","status":"publish","type":"post","link":"https:\/\/archive.sana.sy\/tr\/?p=259317","title":{"rendered":"Mikdad, Velayeti \u0130le \u0130kili \u0130li\u015fkileri Ve Ortak \u00c7\u0131karlar\u0131 G\u00f6r\u00fc\u015ft\u00fc"},"content":{"rendered":"<p><span style=\"color: #800000;\">TAHRAN<\/span> &#8211; D\u0131\u015fi\u015fleri ve Gurbet\u00e7iler Bakan\u0131 Dr. Faysal Mikdad, \u0130ran \u0130slam Devrimi&#8217;nin Uluslararas\u0131 \u0130\u015flerden Sorumlu Dan\u0131\u015fman\u0131 Dr. Ali Ekber Velayati ile ikili ili\u015fkiler ve ortak \u00e7\u0131kar konular\u0131n\u0131 g\u00f6r\u00fc\u015ft\u00fc.<\/p>\n<p>Bakan Mikdad, \u0130ran \u0130slam Cumhuriyeti&#8217;nin tutumlar\u0131n\u0131 ve Suriye&#8217;yi destekleyen liderli\u011fini de\u011ferlendirdi ve iki \u00fclkenin i\u015fgal, ter\u00f6r ve Suriye topraklar\u0131ndaki yasad\u0131\u015f\u0131 ABD, Bat\u0131 ve T\u00fcrkiye m\u00fcdahalesine kar\u015f\u0131 koymadaki ortak \u00e7abalar\u0131na dikkat \u00e7ekti.<\/p>\n<p>Kendi y\u00f6n\u00fcnden Velayati, Suriye&#8217;nin b\u00f6lgede ve d\u00fcnyada direni\u015f ekseninde ve hakl\u0131 davalar\u0131 savunmada en \u00f6nemli halka oldu\u011funu belirterek, \u0130ran&#8217;\u0131n \u00e7e\u015fitli alanlarda Suriye&#8217;ye tam destek vermekten \u00e7ekinmeyece\u011fini vurgulad\u0131.<\/p>\n<p>ABD i\u015fgalinin Suriye&#8217;den \u00e7\u0131kar\u0131lmas\u0131 i\u00e7in direni\u015f ekseninin taraflar\u0131 aras\u0131nda ortak hareket edilmesinin \u00f6nemine i\u015faret eden Velayati, Siyonist varl\u0131\u011f\u0131n ve destek\u00e7ilerinin Suriye&#8217;yi zay\u0131flat\u0131p ulusal direni\u015f karar\u0131n\u0131 baltalayamad\u0131\u011f\u0131na dikkat \u00e7ekti.<\/p>\n","protected":false},"excerpt":{"rendered":"<p>TAHRAN &#8211; D\u0131\u015fi\u015fleri ve Gurbet\u00e7iler Bakan\u0131 Dr. Faysal Mikdad, \u0130ran \u0130slam Devrimi&#8217;nin Uluslararas\u0131 \u0130\u015flerden Sorumlu Dan\u0131\u015fman\u0131 Dr. Ali Ekber Velayati ile ikili ili\u015fkiler ve ortak \u00e7\u0131kar konular\u0131n\u0131 g\u00f6r\u00fc\u015ft\u00fc. Bakan Mikdad, \u0130ran \u0130slam Cumhuriyeti&#8217;nin tutumlar\u0131n\u0131 ve Suriye&#8217;yi destekleyen liderli\u011fini de\u011ferlendirdi ve iki \u00fclkenin i\u015fgal, ter\u00f6r ve Suriye topraklar\u0131ndaki yasad\u0131\u015f\u0131 ABD, Bat\u0131 ve T\u00fcrkiye m\u00fcdahalesine kar\u015f\u0131 koymadaki &hellip;<\/p>\n","protected":false},"author":1,"featured_media":259318,"comment_status":"closed","ping_status":"closed","sticky":false,"template":"","format":"standard","meta":{"footnotes":""},"categories":[458,459,17988],"tags":[],"class_list":["post-259317","post","type-post","status-publish","format-standard","has-post-thumbnail","","category-dunya1","category-haberler-arap-uluslararasi-politika","category-son-haberler"],"_links":{"self":[{"href":"https:\/\/archive.sana.sy\/tr\/index.php?rest_route=\/wp\/v2\/posts\/259317","targetHints":{"allow":["GET"]}}],"collection":[{"href":"https:\/\/archive.sana.sy\/tr\/index.php?rest_route=\/wp\/v2\/posts"}],"about":[{"href":"https:\/\/archive.sana.sy\/tr\/index.php?rest_route=\/wp\/v2\/types\/post"}],"author":[{"embeddable":true,"href":"https:\/\/archive.sana.sy\/tr\/index.php?rest_route=\/wp\/v2\/users\/1"}],"replies":[{"embeddable":true,"href":"https:\/\/archive.sana.sy\/tr\/index.php?rest_route=%2Fwp%2Fv2%2Fcomments&post=259317"}],"version-history":[{"count":0,"href":"https:\/\/archive.sana.sy\/tr\/index.php?rest_route=\/wp\/v2\/posts\/259317\/revisions"}],"wp:featuredmedia":[{"embeddable":true,"href":"https:\/\/archive.sana.sy\/tr\/index.php?rest_route=\/wp\/v2\/media\/259318"}],"wp:attachment":[{"href":"https:\/\/archive.sana.sy\/tr\/index.php?rest_route=%2Fwp%2Fv2%2Fmedia&parent=259317"}],"wp:term":[{"taxonomy":"category","embeddable":true,"href":"https:\/\/archive.sana.sy\/tr\/index.php?rest_route=%2Fwp%2Fv2%2Fcategories&post=259317"},{"taxonomy":"post_tag","embeddable":true,"href":"https:\/\/archive.sana.sy\/tr\/index.php?rest_route=%2Fwp%2Fv2%2Ftags&post=259317"}],"curies":[{"name":"wp","href":"https:\/\/api.w.org\/{rel}","templated":true}]}}