{"id":259323,"date":"2022-07-22T08:01:42","date_gmt":"2022-07-22T05:01:42","guid":{"rendered":"http:\/\/107.6.182.27\/tr\/?p=259323"},"modified":"2022-07-23T09:01:01","modified_gmt":"2022-07-23T06:01:01","slug":"donetsk-devlet-baskani-suriye-ile-seckin-iliskiler-kurmak-niyetindeyiz","status":"publish","type":"post","link":"https:\/\/archive.sana.sy\/tr\/?p=259323","title":{"rendered":"Donetsk Devlet Ba\u015fkan\u0131: Suriye \u0130le Se\u00e7kin \u0130li\u015fkiler Kurmak Niyetindeyiz \u00a0"},"content":{"rendered":"<p>DONETSK \u2013 Donetsk Halk Cumhuriyeti Devlet Ba\u015fkan\u0131 Denis Pu\u015flin, \u00fclkesinin her iki taraf\u0131n da yarar\u0131na Suriye ile se\u00e7kin ili\u015fkiler kurma kararl\u0131l\u0131\u011f\u0131n\u0131 teyit etti.<\/p>\n<p>RIA NOVOST\u0130 Haber Ajans\u0131n\u0131n aktard\u0131\u011f\u0131na g\u00f6re Pu\u015flin, &#8220;Donetsk Cumhuriyeti, Suriye ile ekonomik alanlar da dahil olmak \u00fczere dostane ve kar\u015f\u0131l\u0131kl\u0131 yarara dayal\u0131 ili\u015fkiler kuracak&#8221; dedi.<\/p>\n<p><span style=\"color: #0000ff;\">#Telegram_Kanal\u0131m\u0131z: https:\/\/t.me\/SuriyeArapHaberAjansI<\/span><\/p>\n","protected":false},"excerpt":{"rendered":"<p>DONETSK \u2013 Donetsk Halk Cumhuriyeti Devlet Ba\u015fkan\u0131 Denis Pu\u015flin, \u00fclkesinin her iki taraf\u0131n da yarar\u0131na Suriye ile se\u00e7kin ili\u015fkiler kurma kararl\u0131l\u0131\u011f\u0131n\u0131 teyit etti. RIA NOVOST\u0130 Haber Ajans\u0131n\u0131n aktard\u0131\u011f\u0131na g\u00f6re Pu\u015flin, &#8220;Donetsk Cumhuriyeti, Suriye ile ekonomik alanlar da dahil olmak \u00fczere dostane ve kar\u015f\u0131l\u0131kl\u0131 yarara dayal\u0131 ili\u015fkiler kuracak&#8221; dedi. #Telegram_Kanal\u0131m\u0131z: https:\/\/t.me\/SuriyeArapHaberAjansI<\/p>\n","protected":false},"author":36,"featured_media":259324,"comment_status":"closed","ping_status":"closed","sticky":false,"template":"","format":"standard","meta":{"footnotes":""},"categories":[458,459,17988],"tags":[],"class_list":["post-259323","post","type-post","status-publish","format-standard","has-post-thumbnail","","category-dunya1","category-haberler-arap-uluslararasi-politika","category-son-haberler"],"_links":{"self":[{"href":"https:\/\/archive.sana.sy\/tr\/index.php?rest_route=\/wp\/v2\/posts\/259323","targetHints":{"allow":["GET"]}}],"collection":[{"href":"https:\/\/archive.sana.sy\/tr\/index.php?rest_route=\/wp\/v2\/posts"}],"about":[{"href":"https:\/\/archive.sana.sy\/tr\/index.php?rest_route=\/wp\/v2\/types\/post"}],"author":[{"embeddable":true,"href":"https:\/\/archive.sana.sy\/tr\/index.php?rest_route=\/wp\/v2\/users\/36"}],"replies":[{"embeddable":true,"href":"https:\/\/archive.sana.sy\/tr\/index.php?rest_route=%2Fwp%2Fv2%2Fcomments&post=259323"}],"version-history":[{"count":0,"href":"https:\/\/archive.sana.sy\/tr\/index.php?rest_route=\/wp\/v2\/posts\/259323\/revisions"}],"wp:featuredmedia":[{"embeddable":true,"href":"https:\/\/archive.sana.sy\/tr\/index.php?rest_route=\/wp\/v2\/media\/259324"}],"wp:attachment":[{"href":"https:\/\/archive.sana.sy\/tr\/index.php?rest_route=%2Fwp%2Fv2%2Fmedia&parent=259323"}],"wp:term":[{"taxonomy":"category","embeddable":true,"href":"https:\/\/archive.sana.sy\/tr\/index.php?rest_route=%2Fwp%2Fv2%2Fcategories&post=259323"},{"taxonomy":"post_tag","embeddable":true,"href":"https:\/\/archive.sana.sy\/tr\/index.php?rest_route=%2Fwp%2Fv2%2Ftags&post=259323"}],"curies":[{"name":"wp","href":"https:\/\/api.w.org\/{rel}","templated":true}]}}