{"id":259339,"date":"2022-07-21T23:01:35","date_gmt":"2022-07-21T20:01:35","guid":{"rendered":"http:\/\/107.6.182.27\/tr\/?p=259339"},"modified":"2022-07-23T09:00:49","modified_gmt":"2022-07-23T06:00:49","slug":"disisleri-ve-gurbetciler-bakanligi-brezilyanin-sam-buyukelcisi-icin-veda-toreni-duzenledi","status":"publish","type":"post","link":"https:\/\/archive.sana.sy\/tr\/?p=259339","title":{"rendered":"D\u0131\u015fi\u015fleri ve Gurbet\u00e7iler Bakanl\u0131\u011f\u0131, Brezilya&#8217;n\u0131n \u015eam B\u00fcy\u00fckel\u00e7isi i\u00e7in veda t\u00f6reni d\u00fczenledi"},"content":{"rendered":"<p>D\u0131\u015fi\u015fleri ve Gurbet\u00e7iler Bakanl\u0131\u011f\u0131, Brezilya Federal Cumhuriyeti&#8217;nin \u015eam B\u00fcy\u00fckel\u00e7isi Fabio Vaz Petaluca i\u00e7in \u00fclkenin Suriye B\u00fcy\u00fckel\u00e7ili\u011fi g\u00f6revinin sona ermesi m\u00fcnasebetiyle \u015eam&#8217;daki Dama Rose Otel&#8217;de bir veda partisi d\u00fczenledi.<\/p>\n<p>D\u0131\u015fi\u015fleri ve Gurbet\u00e7iler Bakan Yard\u0131mc\u0131s\u0131 Dr. Ayman Susan T\u00f6ren s\u0131ras\u0131nda yapt\u0131\u011f\u0131 konu\u015fmada, iki \u00fclkenin aralar\u0131ndaki i\u015fbirli\u011fi ba\u011flar\u0131n\u0131 g\u00fc\u00e7lendirme arzusunu teyit etti.<\/p>\n<p>Susan, Suriye ve Brezilya aras\u0131ndaki, egemenli\u011fe sayg\u0131, ba\u015fkalar\u0131n\u0131n i\u015flerine kar\u0131\u015fmama ve herkesin adaletten yararland\u0131\u011f\u0131, refah, dengeli ve \u00e7ok kutuplu bir d\u00fcnyan\u0131n kurulmas\u0131 ilkelerine dayanan ili\u015fkilerin g\u00fcc\u00fcn\u00fc vurgulad\u0131.<\/p>\n<p>Bakan Yard\u0131mc\u0131s\u0131, Latin Amerika&#8217;daki Suriyeli gurbet\u00e7ilerin dostluk k\u00f6pr\u00fcleri kurma ve iki \u00fclke aras\u0131ndaki ili\u015fkilere ivme kazand\u0131rma rol\u00fcne dikkat \u00e7ekti.<\/p>\n<p>B\u00fcy\u00fckel\u00e7i Petaluka ise, g\u00f6revlerini yerine getirirken kendisine sa\u011flanan destek i\u00e7in Cumhurba\u015fkan\u0131 Be\u015far Esad&#8217;a ve Suriye h\u00fck\u00fcmetine te\u015fekk\u00fcrlerini ve takdirlerini dile getirerek, Suriye&#8217;nin zaferinin ka\u00e7\u0131n\u0131lmazl\u0131\u011f\u0131na ve sald\u0131rgan sava\u015f\u0131n Suriye \u00fczerindeki etkilerinin \u00fcstesinden gelece\u011fine olan g\u00fcvenini teyit etti.<\/p>\n<p>B\u00fcy\u00fckel\u00e7i Petaluka, Suriye Arap Ordusunun t\u00fcm d\u00fcnyay\u0131 tehdit eden ter\u00f6r kar\u015f\u0131s\u0131nda g\u00f6sterdi\u011fi fedakarl\u0131klara dikkat \u00e7ekti.<\/p>\n<p>B\u00fcy\u00fckel\u00e7i Petaluca gazetecilere yapt\u0131\u011f\u0131 a\u00e7\u0131klamada, Suriye halk\u0131n\u0131n Brezilya halk\u0131na duydu\u011fu b\u00fcy\u00fck sevgiyi hissetti\u011fini belirtirken, iki dost \u00fclke aras\u0131nda \u00f6zellikle k\u00fclt\u00fcrel alanda ili\u015fkileri geni\u015fletmek ve geli\u015ftirmek i\u00e7in b\u00fcy\u00fck bir f\u0131rsat oldu\u011funa i\u015faret etti.<\/p>\n<p>&nbsp;<\/p>\n","protected":false},"excerpt":{"rendered":"<p>D\u0131\u015fi\u015fleri ve Gurbet\u00e7iler Bakanl\u0131\u011f\u0131, Brezilya Federal Cumhuriyeti&#8217;nin \u015eam B\u00fcy\u00fckel\u00e7isi Fabio Vaz Petaluca i\u00e7in \u00fclkenin Suriye B\u00fcy\u00fckel\u00e7ili\u011fi g\u00f6revinin sona ermesi m\u00fcnasebetiyle \u015eam&#8217;daki Dama Rose Otel&#8217;de bir veda partisi d\u00fczenledi. D\u0131\u015fi\u015fleri ve Gurbet\u00e7iler Bakan Yard\u0131mc\u0131s\u0131 Dr. Ayman Susan T\u00f6ren s\u0131ras\u0131nda yapt\u0131\u011f\u0131 konu\u015fmada, iki \u00fclkenin aralar\u0131ndaki i\u015fbirli\u011fi ba\u011flar\u0131n\u0131 g\u00fc\u00e7lendirme arzusunu teyit etti. Susan, Suriye ve Brezilya aras\u0131ndaki, egemenli\u011fe &hellip;<\/p>\n","protected":false},"author":36,"featured_media":259340,"comment_status":"closed","ping_status":"closed","sticky":false,"template":"","format":"standard","meta":{"footnotes":""},"categories":[479,17988,478],"tags":[],"class_list":["post-259339","post","type-post","status-publish","format-standard","has-post-thumbnail","","category-haberler-yerel","category-son-haberler","category-yerel"],"_links":{"self":[{"href":"https:\/\/archive.sana.sy\/tr\/index.php?rest_route=\/wp\/v2\/posts\/259339","targetHints":{"allow":["GET"]}}],"collection":[{"href":"https:\/\/archive.sana.sy\/tr\/index.php?rest_route=\/wp\/v2\/posts"}],"about":[{"href":"https:\/\/archive.sana.sy\/tr\/index.php?rest_route=\/wp\/v2\/types\/post"}],"author":[{"embeddable":true,"href":"https:\/\/archive.sana.sy\/tr\/index.php?rest_route=\/wp\/v2\/users\/36"}],"replies":[{"embeddable":true,"href":"https:\/\/archive.sana.sy\/tr\/index.php?rest_route=%2Fwp%2Fv2%2Fcomments&post=259339"}],"version-history":[{"count":0,"href":"https:\/\/archive.sana.sy\/tr\/index.php?rest_route=\/wp\/v2\/posts\/259339\/revisions"}],"wp:featuredmedia":[{"embeddable":true,"href":"https:\/\/archive.sana.sy\/tr\/index.php?rest_route=\/wp\/v2\/media\/259340"}],"wp:attachment":[{"href":"https:\/\/archive.sana.sy\/tr\/index.php?rest_route=%2Fwp%2Fv2%2Fmedia&parent=259339"}],"wp:term":[{"taxonomy":"category","embeddable":true,"href":"https:\/\/archive.sana.sy\/tr\/index.php?rest_route=%2Fwp%2Fv2%2Fcategories&post=259339"},{"taxonomy":"post_tag","embeddable":true,"href":"https:\/\/archive.sana.sy\/tr\/index.php?rest_route=%2Fwp%2Fv2%2Ftags&post=259339"}],"curies":[{"name":"wp","href":"https:\/\/api.w.org\/{rel}","templated":true}]}}