{"id":259344,"date":"2022-07-22T18:14:11","date_gmt":"2022-07-22T15:14:11","guid":{"rendered":"http:\/\/107.6.182.27\/tr\/?p=259344"},"modified":"2022-07-23T12:30:15","modified_gmt":"2022-07-23T09:30:15","slug":"disisleri-bmgk-ve-bmi-israilin-sam-cevresine-yonelik-saldirilarini-kinama-talebinde-bulundu","status":"publish","type":"post","link":"https:\/\/archive.sana.sy\/tr\/?p=259344","title":{"rendered":"D\u0131\u015fi\u015fleri, BMGK Ve BM&#8217;i \u0130srail&#8217;in \u015eam \u00c7evresine Y\u00f6nelik Sald\u0131r\u0131lar\u0131n\u0131 K\u0131nama Talebinde Bulundu"},"content":{"rendered":"<p style=\"text-align: justify;\">\u015eAM &#8211; D\u0131\u015fi\u015fleri ve Gurbet\u00e7iler Bakanl\u0131\u011f\u0131, bug\u00fcn sabah vakti \u015eam kenti yak\u0131nlar\u0131na \u0130srail&#8217;in canice sald\u0131r\u0131lar\u0131na ili\u015fkin Birle\u015fmi\u015f Milletler Genel Sekreteri ve G\u00fcvenlik Konseyi Ba\u015fkan\u0131&#8217;na iki e\u015f mektup g\u00f6nderdi.<\/p>\n<p style=\"text-align: justify;\">Bakanl\u0131k bir n\u00fcshas\u0131n\u0131 SANA&#8221;n\u0131n ald\u0131\u011f\u0131 iki mesaj\u0131nda: &#8220;22 Temmuz 2022 Cuma g\u00fcn\u00fc yakla\u015f\u0131k olarak bug\u00fcn saat 12:32&#8217;de \u0130srail i\u015fgal g\u00fc\u00e7leri, \u015eam kenti yak\u0131nlar\u0131nda baz\u0131 noktalar\u0131 hedef alan i\u015fgal alt\u0131ndaki Suriyeli Arap Golan y\u00f6n\u00fcnden roketlerle canice bir hava sald\u0131r\u0131s\u0131 d\u00fczenledi. Korkak\u00e7a d\u00fczenlenen sald\u0131r\u0131da \u00fc\u00e7 askerin \u015fehit d\u00fc\u015fmesi, yedi askerin yaralanmas\u0131 ve maddi kay\u0131plara yol a\u00e7t\u0131&#8221; dedi.<\/p>\n<p style=\"text-align: justify;\">Bakanl\u0131k, &#8220;Suriye Arap Cumhuriyeti, \u0130srail&#8217;in tekrarlanan bu sald\u0131r\u0131lar\u0131 kar\u015f\u0131s\u0131nda uluslararas\u0131 hukuk ve Birle\u015fmi\u015f Milletler S\u00f6zle\u015fmesi taraf\u0131ndan onaylanan uygun yollarla yan\u0131t verme hakk\u0131n\u0131 korudu\u011funu bir kez daha belirtmektedir. G\u00fcvenlik Konseyi&#8217;ne ve Birle\u015fmi\u015f Milletler Genel Sekreterli\u011fine, \u015fart kapsam\u0131ndaki sorumluluklar\u0131n\u0131 yerine getirmeleri ve \u0130srail&#8217;in bu yeni sald\u0131r\u0131s\u0131n\u0131 teredd\u00fcts\u00fcz veya gecikmeksizin k\u0131namalar\u0131 ve ilgili G\u00fcvenlik Konseyi kararlar\u0131na \u0130srail&#8217;in sayg\u0131 g\u00f6stermesi \u00e7a\u011fr\u0131s\u0131n\u0131 yineler. \u0130srail&#8217;in 31 May\u0131s 1974&#8217;te Cenevre&#8217;de imzalad\u0131\u011f\u0131 (kuvvetlerin ayr\u0131lmas\u0131 ve ate\u015fkes) birinci paragraf\u0131nda karada, denizde ve havada ate\u015fkes \u00f6ng\u00f6ren bir anla\u015fmas\u0131n\u0131n \u015fartlar\u0131n\u0131 yerine getirme taahh\u00fcd\u00fcne ba\u011fl\u0131 kalmas\u0131n\u0131 vurgular&#8221; dedi.<\/p>\n<p style=\"text-align: justify;\">Bakanl\u0131k, \u0130srail&#8217;in Suriye&#8217;ye y\u00f6nelik m\u00fckerrer sald\u0131rganl\u0131\u011f\u0131n\u0131n ve G\u00fcvenlik Konseyi&#8217;nin bu sald\u0131rganl\u0131\u011f\u0131n devam\u0131n\u0131 \u00f6nlemek i\u00e7in gerekli \u00f6nlemleri almamas\u0131n\u0131n ve k\u0131namamas\u0131n\u0131n, G\u00fcvenlik Konseyi&#8217;nin sorumluluklar\u0131n\u0131 yerine getirmemesi ve ba\u015far\u0131s\u0131zl\u0131\u011f\u0131 anlam\u0131na geldi\u011fini vurgulad\u0131.<\/p>\n<p style=\"text-align: justify;\">Bakanl\u0131k, &#8220;\u0130srail sald\u0131r\u0131lar\u0131n\u0131, ABD&#8217;nin sald\u0131r\u0131lar\u0131ndan ve uluslararas\u0131 hukuk ilkelerini ihlallerinden ba\u011f\u0131ms\u0131z olarak, Suriye&#8217;nin kuzeydo\u011fusunu i\u015fgal ederek, petrol ya\u011fmalayarak ve kendileri taraf\u0131ndan kiralanan milislere silah sa\u011flayarak ele almak m\u00fcmk\u00fcn de\u011fildir. Siyasi bir \u00e7\u00f6z\u00fcm\u00fc geciktirmek, hatta engellemek ve Suriye&#8217;de g\u00fcvenlik ve istikrar\u0131n yeniden tesis edilmesini engellemektir\u201d diye ifade etti.<\/p>\n<p style=\"text-align: justify;\">Bakanl\u0131k, ABD&#8217;nin uygulamalar\u0131n\u0131n ve yasad\u0131\u015f\u0131 yollardan silah ta\u015f\u0131yan silahl\u0131 ter\u00f6r \u00f6rg\u00fctlerine ve gruplara sa\u011flad\u0131\u011f\u0131 s\u0131n\u0131rs\u0131z deste\u011fin, ABD&#8217;nin b\u00f6lgede uygulad\u0131\u011f\u0131 ikiy\u00fczl\u00fcl\u00fc\u011f\u00fc ve art\u0131k ahlaki ve siyasi olarak kabul edilemez oldu\u011funu g\u00f6sterdi\u011fine dikkat \u00e7ekti. \u00dcstelik bu \u0130srail sald\u0131r\u0131lar\u0131, b\u00f6lgedeki ve d\u00fcnyadaki operat\u00f6rlerinin ama\u00e7lar\u0131na hizmet etmek i\u00e7in Suriye&#8217;de cinayet yayan silahl\u0131 ter\u00f6rist \u00f6rg\u00fctlerine do\u011frudan destek olarak geldi\u011fine dikkat \u00e7ekti.<\/p>\n<p style=\"text-align: justify;\">Bakanl\u0131k, iki mektubunu \u015fu s\u00f6zlerle sonland\u0131rd\u0131: &#8220;Bu uygulamalar, ABD ve m\u00fcttefiklerinin Suriye&#8217;ye y\u00f6nelik tek tarafl\u0131 cebri yapt\u0131r\u0131mlar\u0131n yan\u0131 s\u0131ra Suriye halk\u0131n\u0131n hayat\u0131n\u0131 tehdit etmekte, bug\u00fcn\u00fcne ve gelece\u011fine zarar vermektedir&#8230; G\u00fcvenlik Konseyi&#8217;ndeki Amerikan ve Bat\u0131 politikalar\u0131 ve di\u011ferleri, 2642 say\u0131l\u0131 Konsey Karar\u0131 da dahil olmak \u00fczere, Suriye ile ilgili G\u00fcvenlik Konseyi kararlar\u0131yla \u00e7eli\u015fmektedir ve bu, G\u00fcvenlik Konseyi&#8217;nin g\u00fcvenilirli\u011fini ve Uluslararas\u0131 bar\u0131\u015f ve g\u00fcvenli\u011fin korunmas\u0131nda \u015eart kapsam\u0131ndaki rol\u00fcn\u00fc ciddi \u015fekilde tehdit etmektedir\u201d diye belirtti.<\/p>\n","protected":false},"excerpt":{"rendered":"<p>\u015eAM &#8211; D\u0131\u015fi\u015fleri ve Gurbet\u00e7iler Bakanl\u0131\u011f\u0131, bug\u00fcn sabah vakti \u015eam kenti yak\u0131nlar\u0131na \u0130srail&#8217;in canice sald\u0131r\u0131lar\u0131na ili\u015fkin Birle\u015fmi\u015f Milletler Genel Sekreteri ve G\u00fcvenlik Konseyi Ba\u015fkan\u0131&#8217;na iki e\u015f mektup g\u00f6nderdi. Bakanl\u0131k bir n\u00fcshas\u0131n\u0131 SANA&#8221;n\u0131n ald\u0131\u011f\u0131 iki mesaj\u0131nda: &#8220;22 Temmuz 2022 Cuma g\u00fcn\u00fc yakla\u015f\u0131k olarak bug\u00fcn saat 12:32&#8217;de \u0130srail i\u015fgal g\u00fc\u00e7leri, \u015eam kenti yak\u0131nlar\u0131nda baz\u0131 noktalar\u0131 hedef alan &hellip;<\/p>\n","protected":false},"author":1,"featured_media":259345,"comment_status":"closed","ping_status":"closed","sticky":false,"template":"","format":"standard","meta":{"footnotes":""},"categories":[479,17988,478],"tags":[],"class_list":["post-259344","post","type-post","status-publish","format-standard","has-post-thumbnail","","category-haberler-yerel","category-son-haberler","category-yerel"],"_links":{"self":[{"href":"https:\/\/archive.sana.sy\/tr\/index.php?rest_route=\/wp\/v2\/posts\/259344","targetHints":{"allow":["GET"]}}],"collection":[{"href":"https:\/\/archive.sana.sy\/tr\/index.php?rest_route=\/wp\/v2\/posts"}],"about":[{"href":"https:\/\/archive.sana.sy\/tr\/index.php?rest_route=\/wp\/v2\/types\/post"}],"author":[{"embeddable":true,"href":"https:\/\/archive.sana.sy\/tr\/index.php?rest_route=\/wp\/v2\/users\/1"}],"replies":[{"embeddable":true,"href":"https:\/\/archive.sana.sy\/tr\/index.php?rest_route=%2Fwp%2Fv2%2Fcomments&post=259344"}],"version-history":[{"count":0,"href":"https:\/\/archive.sana.sy\/tr\/index.php?rest_route=\/wp\/v2\/posts\/259344\/revisions"}],"wp:featuredmedia":[{"embeddable":true,"href":"https:\/\/archive.sana.sy\/tr\/index.php?rest_route=\/wp\/v2\/media\/259345"}],"wp:attachment":[{"href":"https:\/\/archive.sana.sy\/tr\/index.php?rest_route=%2Fwp%2Fv2%2Fmedia&parent=259344"}],"wp:term":[{"taxonomy":"category","embeddable":true,"href":"https:\/\/archive.sana.sy\/tr\/index.php?rest_route=%2Fwp%2Fv2%2Fcategories&post=259344"},{"taxonomy":"post_tag","embeddable":true,"href":"https:\/\/archive.sana.sy\/tr\/index.php?rest_route=%2Fwp%2Fv2%2Ftags&post=259344"}],"curies":[{"name":"wp","href":"https:\/\/api.w.org\/{rel}","templated":true}]}}