{"id":259348,"date":"2022-07-22T18:25:17","date_gmt":"2022-07-22T15:25:17","guid":{"rendered":"http:\/\/107.6.182.27\/tr\/?p=259348"},"modified":"2022-07-23T09:02:07","modified_gmt":"2022-07-23T06:02:07","slug":"suriye-medyasi-uluslararasi-al-gadir-medya-festivalinde-6-altin-odul-kazandi","status":"publish","type":"post","link":"https:\/\/archive.sana.sy\/tr\/?p=259348","title":{"rendered":"Suriye Medyas\u0131 Uluslararas\u0131 Al \u011eadir Medya Festivali&#8217;nde 6 Alt\u0131n \u00d6d\u00fcl Kazand\u0131"},"content":{"rendered":"<p style=\"text-align: justify;\">BA\u011eDAT &#8211; Irak&#8217;\u0131n ba\u015fkenti Ba\u011fdat&#8217;ta d\u00fczenlenen 13. Uluslararas\u0131 Al \u011eadir Medya Festivali&#8217;nin sonunda Suriye medyas\u0131 alt\u0131 alt\u0131n \u00f6d\u00fcl kazand\u0131.<\/p>\n<p style=\"text-align: justify;\">Bug\u00fcnk\u00fc kapan\u0131\u015f t\u00f6reninde, festival y\u00f6netimi, Suriye Radyo ve Televizyon Genel M\u00fcd\u00fcrl\u00fc\u011f\u00fc&#8217;n\u00fcn etkinliklerine kat\u0131l\u0131m\u0131ndan dolay\u0131 festivalin \u00f6zel \u00f6d\u00fcl\u00fcn\u00fc, Al-Suriya TV&#8217;nin ise \u00f6d\u00fcle lay\u0131k g\u00f6r\u00fcld\u00fc\u011f\u00fc bu oturum i\u00e7in alt\u0131n \u00f6d\u00fcllerini a\u00e7\u0131klad\u0131. \u201cYalan\u0131n Sonu\u00e7lar\u0131\u201d ile en iyi animasyon ve Suryana Radyasu \u201cBitmek \u00dczere\u201d program\u0131 i\u00e7in en iyi varyete radyo program\u0131 \u00f6d\u00fcl\u00fcn\u00fc kazand\u0131 ve Otoritenin Oyunculuk B\u00f6l\u00fcm\u00fc \u201c\u0130slam\u0131n I\u015f\u0131lt\u0131lar\u0131\u201d dizisi i\u00e7in en iyi radyo dramas\u0131 \u00f6d\u00fcl\u00fcne lay\u0131k g\u00f6r\u00fcl\u00fcrken, Kaband Vakf\u0131 &#8220;Brokar&#8221; dizisiyle en iyi televizyon dramas\u0131 \u00f6d\u00fcl\u00fcn\u00fc al\u0131rken, festival y\u00f6netimi y\u00f6netmen Basil Al Hatib&#8217;e de \u00f6zel bir \u00f6d\u00fcl verdi.<\/p>\n<p style=\"text-align: justify;\">Enformasyon Bakan Yard\u0131mc\u0131s\u0131 Ahmed Davva, \u00f6d\u00fcl t\u00f6reninde yapt\u0131\u011f\u0131 konu\u015fmada, Suriye medyas\u0131n\u0131n Suriye&#8217;deki ger\u00e7ekleri gizlemek i\u00e7in d\u00fc\u015fman medyan\u0131n pazarlamaya \u00e7al\u0131\u015ft\u0131\u011f\u0131 yanl\u0131\u015f bilgilendirme ve tahrif kampanyalar\u0131yla y\u00fczle\u015fme ve if\u015fa etmedeki rol\u00fcne dikkat \u00e7ekti.<\/p>\n<p style=\"text-align: justify;\">Amerikan-Siyonist hegemonyas\u0131na direnen s\u00f6ylem birli\u011finin \u00f6nemini vurgulayarak, Al \u011eadir Festivali&#8217;nin y\u0131ll\u0131k veriminin devam etmesi i\u00e7in g\u00f6sterilen \u00e7abalara \u00f6vg\u00fcde bulundu.<\/p>\n","protected":false},"excerpt":{"rendered":"<p>BA\u011eDAT &#8211; Irak&#8217;\u0131n ba\u015fkenti Ba\u011fdat&#8217;ta d\u00fczenlenen 13. Uluslararas\u0131 Al \u011eadir Medya Festivali&#8217;nin sonunda Suriye medyas\u0131 alt\u0131 alt\u0131n \u00f6d\u00fcl kazand\u0131. Bug\u00fcnk\u00fc kapan\u0131\u015f t\u00f6reninde, festival y\u00f6netimi, Suriye Radyo ve Televizyon Genel M\u00fcd\u00fcrl\u00fc\u011f\u00fc&#8217;n\u00fcn etkinliklerine kat\u0131l\u0131m\u0131ndan dolay\u0131 festivalin \u00f6zel \u00f6d\u00fcl\u00fcn\u00fc, Al-Suriya TV&#8217;nin ise \u00f6d\u00fcle lay\u0131k g\u00f6r\u00fcld\u00fc\u011f\u00fc bu oturum i\u00e7in alt\u0131n \u00f6d\u00fcllerini a\u00e7\u0131klad\u0131. \u201cYalan\u0131n Sonu\u00e7lar\u0131\u201d ile en iyi animasyon ve &hellip;<\/p>\n","protected":false},"author":1,"featured_media":259349,"comment_status":"closed","ping_status":"closed","sticky":false,"template":"","format":"standard","meta":{"footnotes":""},"categories":[458,459,17988],"tags":[],"class_list":["post-259348","post","type-post","status-publish","format-standard","has-post-thumbnail","","category-dunya1","category-haberler-arap-uluslararasi-politika","category-son-haberler"],"_links":{"self":[{"href":"https:\/\/archive.sana.sy\/tr\/index.php?rest_route=\/wp\/v2\/posts\/259348","targetHints":{"allow":["GET"]}}],"collection":[{"href":"https:\/\/archive.sana.sy\/tr\/index.php?rest_route=\/wp\/v2\/posts"}],"about":[{"href":"https:\/\/archive.sana.sy\/tr\/index.php?rest_route=\/wp\/v2\/types\/post"}],"author":[{"embeddable":true,"href":"https:\/\/archive.sana.sy\/tr\/index.php?rest_route=\/wp\/v2\/users\/1"}],"replies":[{"embeddable":true,"href":"https:\/\/archive.sana.sy\/tr\/index.php?rest_route=%2Fwp%2Fv2%2Fcomments&post=259348"}],"version-history":[{"count":0,"href":"https:\/\/archive.sana.sy\/tr\/index.php?rest_route=\/wp\/v2\/posts\/259348\/revisions"}],"wp:featuredmedia":[{"embeddable":true,"href":"https:\/\/archive.sana.sy\/tr\/index.php?rest_route=\/wp\/v2\/media\/259349"}],"wp:attachment":[{"href":"https:\/\/archive.sana.sy\/tr\/index.php?rest_route=%2Fwp%2Fv2%2Fmedia&parent=259348"}],"wp:term":[{"taxonomy":"category","embeddable":true,"href":"https:\/\/archive.sana.sy\/tr\/index.php?rest_route=%2Fwp%2Fv2%2Fcategories&post=259348"},{"taxonomy":"post_tag","embeddable":true,"href":"https:\/\/archive.sana.sy\/tr\/index.php?rest_route=%2Fwp%2Fv2%2Ftags&post=259348"}],"curies":[{"name":"wp","href":"https:\/\/api.w.org\/{rel}","templated":true}]}}