{"id":259360,"date":"2022-07-22T23:12:33","date_gmt":"2022-07-22T20:12:33","guid":{"rendered":"http:\/\/107.6.182.27\/tr\/?p=259360"},"modified":"2022-07-24T08:17:18","modified_gmt":"2022-07-24T05:17:18","slug":"iran-israilin-suriye-topraklarina-yonelik-saldirisini-en-sert-sekilde-kinadi","status":"publish","type":"post","link":"https:\/\/archive.sana.sy\/tr\/?p=259360","title":{"rendered":"\u0130ran, \u0130srail&#8217;in Suriye Topraklar\u0131na Y\u00f6nelik Sald\u0131r\u0131s\u0131n\u0131 En Sert \u015eekilde K\u0131nad\u0131"},"content":{"rendered":"<p>TAHRAN \u2013 \u0130ran D\u0131\u015fi\u015fleri Bakanl\u0131\u011f\u0131, \u0130srail&#8217;in \u015eam yak\u0131nlar\u0131ndaki baz\u0131 b\u00f6lgelere y\u00f6nelik sald\u0131r\u0131s\u0131n\u0131 en sert \u015fekilde k\u0131nad\u0131 ve bunun Suriye egemenli\u011finin a\u00e7\u0131k bir ihlali oldu\u011funu vurgulad\u0131.<\/p>\n<p>Bakanl\u0131\u011f\u0131n s\u00f6zc\u00fcs\u00fc Nasser Kanani yapt\u0131\u011f\u0131 a\u00e7\u0131klamada: &#8220;Siyonist varl\u0131\u011f\u0131n Suriye topraklar\u0131na s\u00fcrekli sald\u0131r\u0131lar\u0131, \u201cegemenli\u011fi ve toprak b\u00fct\u00fcnl\u00fc\u011f\u00fcn\u00fcn a\u00e7\u0131k bir ihlali ve ayn\u0131 zamanda tan\u0131nm\u0131\u015f uluslararas\u0131 ilke ve yasalar\u0131n a\u00e7\u0131k bir ihlalidir\u201d diyerek, sorumlu uluslararas\u0131 \u00e7evreler ve \u00f6rg\u00fctler ile insan haklar\u0131 savunucular\u0131n\u0131n yasad\u0131\u015f\u0131 i\u015fgalci varl\u0131\u011f\u0131n davran\u0131\u015flar\u0131na ili\u015fkin \u015f\u00fcpheli sessizli\u011finden duydu\u011fu \u015fa\u015fk\u0131nl\u0131\u011f\u0131 ve \u00fcz\u00fcnt\u00fcy\u00fc ifade etti.<\/p>\n<p>Kanani, ba\u015fta G\u00fcvenlik Konseyi olmak \u00fczere uluslararas\u0131 toplumu, Siyonist varl\u0131\u011f\u0131n devam eden su\u00e7lar\u0131 ve riskli davran\u0131\u015flar\u0131yla ilgili sorumluluklar\u0131n\u0131 \u00fcstlenmeye \u00e7a\u011f\u0131rd\u0131.<\/p>\n<p><span style=\"color: #0000ff;\">#Telegram_Kanal\u0131m\u0131z: https:\/\/t.me\/SuriyeArapHaberAjans<\/span><\/p>\n","protected":false},"excerpt":{"rendered":"<p>TAHRAN \u2013 \u0130ran D\u0131\u015fi\u015fleri Bakanl\u0131\u011f\u0131, \u0130srail&#8217;in \u015eam yak\u0131nlar\u0131ndaki baz\u0131 b\u00f6lgelere y\u00f6nelik sald\u0131r\u0131s\u0131n\u0131 en sert \u015fekilde k\u0131nad\u0131 ve bunun Suriye egemenli\u011finin a\u00e7\u0131k bir ihlali oldu\u011funu vurgulad\u0131. Bakanl\u0131\u011f\u0131n s\u00f6zc\u00fcs\u00fc Nasser Kanani yapt\u0131\u011f\u0131 a\u00e7\u0131klamada: &#8220;Siyonist varl\u0131\u011f\u0131n Suriye topraklar\u0131na s\u00fcrekli sald\u0131r\u0131lar\u0131, \u201cegemenli\u011fi ve toprak b\u00fct\u00fcnl\u00fc\u011f\u00fcn\u00fcn a\u00e7\u0131k bir ihlali ve ayn\u0131 zamanda tan\u0131nm\u0131\u015f uluslararas\u0131 ilke ve yasalar\u0131n a\u00e7\u0131k bir ihlalidir\u201d &hellip;<\/p>\n","protected":false},"author":36,"featured_media":259361,"comment_status":"closed","ping_status":"closed","sticky":false,"template":"","format":"standard","meta":{"footnotes":""},"categories":[458,459,17988],"tags":[],"class_list":["post-259360","post","type-post","status-publish","format-standard","has-post-thumbnail","","category-dunya1","category-haberler-arap-uluslararasi-politika","category-son-haberler"],"_links":{"self":[{"href":"https:\/\/archive.sana.sy\/tr\/index.php?rest_route=\/wp\/v2\/posts\/259360","targetHints":{"allow":["GET"]}}],"collection":[{"href":"https:\/\/archive.sana.sy\/tr\/index.php?rest_route=\/wp\/v2\/posts"}],"about":[{"href":"https:\/\/archive.sana.sy\/tr\/index.php?rest_route=\/wp\/v2\/types\/post"}],"author":[{"embeddable":true,"href":"https:\/\/archive.sana.sy\/tr\/index.php?rest_route=\/wp\/v2\/users\/36"}],"replies":[{"embeddable":true,"href":"https:\/\/archive.sana.sy\/tr\/index.php?rest_route=%2Fwp%2Fv2%2Fcomments&post=259360"}],"version-history":[{"count":0,"href":"https:\/\/archive.sana.sy\/tr\/index.php?rest_route=\/wp\/v2\/posts\/259360\/revisions"}],"wp:featuredmedia":[{"embeddable":true,"href":"https:\/\/archive.sana.sy\/tr\/index.php?rest_route=\/wp\/v2\/media\/259361"}],"wp:attachment":[{"href":"https:\/\/archive.sana.sy\/tr\/index.php?rest_route=%2Fwp%2Fv2%2Fmedia&parent=259360"}],"wp:term":[{"taxonomy":"category","embeddable":true,"href":"https:\/\/archive.sana.sy\/tr\/index.php?rest_route=%2Fwp%2Fv2%2Fcategories&post=259360"},{"taxonomy":"post_tag","embeddable":true,"href":"https:\/\/archive.sana.sy\/tr\/index.php?rest_route=%2Fwp%2Fv2%2Ftags&post=259360"}],"curies":[{"name":"wp","href":"https:\/\/api.w.org\/{rel}","templated":true}]}}