{"id":259363,"date":"2022-07-22T23:18:36","date_gmt":"2022-07-22T20:18:36","guid":{"rendered":"http:\/\/107.6.182.27\/tr\/?p=259363"},"modified":"2022-07-24T08:17:22","modified_gmt":"2022-07-24T05:17:22","slug":"hama-kirsalina-duzenlenen-teror-saldirilarinda-2-sivil-sehit-dustu-5-sivil-de-yaralandi","status":"publish","type":"post","link":"https:\/\/archive.sana.sy\/tr\/?p=259363","title":{"rendered":"Hama K\u0131rsal\u0131na D\u00fczenlenen Ter\u00f6r Sald\u0131r\u0131lar\u0131nda 2 Sivil \u015eehit D\u00fc\u015ft\u00fc, 5 Sivil De Yaraland\u0131"},"content":{"rendered":"<p>HAMA \u2013 Hama&#8217;n\u0131n kuzeybat\u0131s\u0131ndaki El Skylbiye kenti ve \u00e7ok say\u0131da k\u00f6ye ter\u00f6r \u00f6rg\u00fctlerinin f\u00fczelerle d\u00fczenledi\u011fi sald\u0131r\u0131da 2 vatanda\u015f \u015fehit d\u00fc\u015ft\u00fc, 5 ki\u015fi de yaraland\u0131.<\/p>\n<p>El Skylbiye Hastanesi&#8217;nden bir kayna\u011f\u0131 SANA muhabirine yapt\u0131\u011f\u0131 a\u00e7\u0131klamada, Hama&#8217;n\u0131n kuzeybat\u0131s\u0131ndaki El Skylbiye kenti ve El Bereke ve Curin k\u00f6yleri yak\u0131nlar\u0131na d\u00fc\u015fen top mermileri sonucu hastanenin iki \u015fehit ve be\u015f yaral\u0131 kabul etti\u011fini belirtti.<\/p>\n<p><span style=\"color: #0000ff;\">#Telegram_Kanal\u0131m\u0131z: https:\/\/t.me\/SuriyeArapHaberAjans<\/span><\/p>\n","protected":false},"excerpt":{"rendered":"<p>HAMA \u2013 Hama&#8217;n\u0131n kuzeybat\u0131s\u0131ndaki El Skylbiye kenti ve \u00e7ok say\u0131da k\u00f6ye ter\u00f6r \u00f6rg\u00fctlerinin f\u00fczelerle d\u00fczenledi\u011fi sald\u0131r\u0131da 2 vatanda\u015f \u015fehit d\u00fc\u015ft\u00fc, 5 ki\u015fi de yaraland\u0131. El Skylbiye Hastanesi&#8217;nden bir kayna\u011f\u0131 SANA muhabirine yapt\u0131\u011f\u0131 a\u00e7\u0131klamada, Hama&#8217;n\u0131n kuzeybat\u0131s\u0131ndaki El Skylbiye kenti ve El Bereke ve Curin k\u00f6yleri yak\u0131nlar\u0131na d\u00fc\u015fen top mermileri sonucu hastanenin iki \u015fehit ve be\u015f yaral\u0131 &hellip;<\/p>\n","protected":false},"author":36,"featured_media":259364,"comment_status":"closed","ping_status":"closed","sticky":false,"template":"","format":"standard","meta":{"footnotes":""},"categories":[479,575,17988,478],"tags":[],"class_list":["post-259363","post","type-post","status-publish","format-standard","has-post-thumbnail","","category-haberler-yerel","category-olaylar-ve-gercekler","category-son-haberler","category-yerel"],"_links":{"self":[{"href":"https:\/\/archive.sana.sy\/tr\/index.php?rest_route=\/wp\/v2\/posts\/259363","targetHints":{"allow":["GET"]}}],"collection":[{"href":"https:\/\/archive.sana.sy\/tr\/index.php?rest_route=\/wp\/v2\/posts"}],"about":[{"href":"https:\/\/archive.sana.sy\/tr\/index.php?rest_route=\/wp\/v2\/types\/post"}],"author":[{"embeddable":true,"href":"https:\/\/archive.sana.sy\/tr\/index.php?rest_route=\/wp\/v2\/users\/36"}],"replies":[{"embeddable":true,"href":"https:\/\/archive.sana.sy\/tr\/index.php?rest_route=%2Fwp%2Fv2%2Fcomments&post=259363"}],"version-history":[{"count":0,"href":"https:\/\/archive.sana.sy\/tr\/index.php?rest_route=\/wp\/v2\/posts\/259363\/revisions"}],"wp:featuredmedia":[{"embeddable":true,"href":"https:\/\/archive.sana.sy\/tr\/index.php?rest_route=\/wp\/v2\/media\/259364"}],"wp:attachment":[{"href":"https:\/\/archive.sana.sy\/tr\/index.php?rest_route=%2Fwp%2Fv2%2Fmedia&parent=259363"}],"wp:term":[{"taxonomy":"category","embeddable":true,"href":"https:\/\/archive.sana.sy\/tr\/index.php?rest_route=%2Fwp%2Fv2%2Fcategories&post=259363"},{"taxonomy":"post_tag","embeddable":true,"href":"https:\/\/archive.sana.sy\/tr\/index.php?rest_route=%2Fwp%2Fv2%2Ftags&post=259363"}],"curies":[{"name":"wp","href":"https:\/\/api.w.org\/{rel}","templated":true}]}}