{"id":259369,"date":"2022-07-23T10:35:11","date_gmt":"2022-07-23T07:35:11","guid":{"rendered":"http:\/\/107.6.182.27\/tr\/?p=259369"},"modified":"2022-07-24T08:18:00","modified_gmt":"2022-07-24T05:18:00","slug":"turk-isgalcilerinin-saldirilari-sonucu-tel-tamr-ilcesindeki-elektrik-santrali-hizmet-disi-kaldi","status":"publish","type":"post","link":"https:\/\/archive.sana.sy\/tr\/?p=259369","title":{"rendered":"T\u00fcrk \u0130\u015fgalcilerinin Sald\u0131r\u0131lar\u0131 Sonucu Tel Tamr \u0130l\u00e7esindeki Elektrik Santrali Hizmet D\u0131\u015f\u0131 Kald\u0131"},"content":{"rendered":"<p>HASEKE \u2013 Haseke k\u0131rsal\u0131n\u0131n kuzeybat\u0131s\u0131ndaki Tel Tamer il\u00e7esindeki elektrik nakil istasyonu, T\u00fcrk i\u015fgal g\u00fc\u00e7leri ve ter\u00f6rist \u00e7etelerinin \u00dcmm El Kef k\u00f6y\u00fcnde besleme hatt\u0131na top ve f\u00fcze mermileriyle sald\u0131r\u0131lar\u0131 sonucu hizmet d\u0131\u015f\u0131 kald\u0131.<\/p>\n<p>SANA muhabiri, T\u00fcrk i\u015fgal g\u00fc\u00e7lerinin Tel Temr b\u00f6lgesindeki \u00dcmm El Kef k\u00f6y\u00fc ve \u00e7evresine top ve f\u00fcze mermileriyle sald\u0131rd\u0131\u011f\u0131n\u0131, istasyonu besleyen 66 kV hatt\u0131n\u0131n hasar g\u00f6rmesine ve hizmet d\u0131\u015f\u0131 kalmas\u0131na neden oldu\u011funu belirtti.<\/p>\n<p><a class=\"oajrlxb2 g5ia77u1 qu0x051f esr5mh6w e9989ue4 r7d6kgcz rq0escxv nhd2j8a9 nc684nl6 p7hjln8o kvgmc6g5 cxmmr5t8 oygrvhab hcukyx3x jb3vyjys rz4wbd8a qt6c0cv9 a8nywdso i1ao9s8h esuyzwwr f1sip0of lzcic4wl gpro0wi8 q66pz984 b1v8xokw\" tabindex=\"0\" role=\"link\" href=\"https:\/\/www.facebook.com\/hashtag\/telegram_kanal%C4%B1m%C4%B1z?__eep__=6&amp;__cft__[0]=AZWx00EAerIKyf172Ronkqds8kTWKvKKo7XN0qsMRhimYM4sB7zkXaQKvN9chBARyYhJLzXOsuxXPfNRIculbI7zeMrBgO8dIjVzowUREA6RVx32XNzN7MwxbkgQC6xMHOYz8bvpkUTy9IUCOdm_gYhkCzAi6M8nDxpMbRxlqvC96w&amp;__tn__=*NK-R\">#Telegram_Kanal\u0131m\u0131z<\/a>:\u00a0<a class=\"oajrlxb2 g5ia77u1 qu0x051f esr5mh6w e9989ue4 r7d6kgcz rq0escxv nhd2j8a9 nc684nl6 p7hjln8o kvgmc6g5 cxmmr5t8 oygrvhab hcukyx3x jb3vyjys rz4wbd8a qt6c0cv9 a8nywdso i1ao9s8h esuyzwwr f1sip0of lzcic4wl gpro0wi8 py34i1dx\" tabindex=\"0\" role=\"link\" href=\"https:\/\/t.me\/SuriyeArapHaberAjans?fbclid=IwAR25gU1_xeYAOAcNW09UE2-PcTMIK2NCFQnLNASaSZlDOOXQgn77MA27UH8\" target=\"_blank\" rel=\"nofollow noopener\">https:\/\/t.me\/SuriyeArapHaberAjans<\/a><\/p>\n","protected":false},"excerpt":{"rendered":"<p>HASEKE \u2013 Haseke k\u0131rsal\u0131n\u0131n kuzeybat\u0131s\u0131ndaki Tel Tamer il\u00e7esindeki elektrik nakil istasyonu, T\u00fcrk i\u015fgal g\u00fc\u00e7leri ve ter\u00f6rist \u00e7etelerinin \u00dcmm El Kef k\u00f6y\u00fcnde besleme hatt\u0131na top ve f\u00fcze mermileriyle sald\u0131r\u0131lar\u0131 sonucu hizmet d\u0131\u015f\u0131 kald\u0131. SANA muhabiri, T\u00fcrk i\u015fgal g\u00fc\u00e7lerinin Tel Temr b\u00f6lgesindeki \u00dcmm El Kef k\u00f6y\u00fc ve \u00e7evresine top ve f\u00fcze mermileriyle sald\u0131rd\u0131\u011f\u0131n\u0131, istasyonu besleyen 66 kV &hellip;<\/p>\n","protected":false},"author":36,"featured_media":259370,"comment_status":"closed","ping_status":"closed","sticky":false,"template":"","format":"standard","meta":{"footnotes":""},"categories":[479,575,17988,2554,2555,478],"tags":[],"class_list":["post-259369","post","type-post","status-publish","format-standard","has-post-thumbnail","","category-haberler-yerel","category-olaylar-ve-gercekler","category-son-haberler","category-suriye-ve-dunya","category-suriye-ve-turkiye","category-yerel"],"_links":{"self":[{"href":"https:\/\/archive.sana.sy\/tr\/index.php?rest_route=\/wp\/v2\/posts\/259369","targetHints":{"allow":["GET"]}}],"collection":[{"href":"https:\/\/archive.sana.sy\/tr\/index.php?rest_route=\/wp\/v2\/posts"}],"about":[{"href":"https:\/\/archive.sana.sy\/tr\/index.php?rest_route=\/wp\/v2\/types\/post"}],"author":[{"embeddable":true,"href":"https:\/\/archive.sana.sy\/tr\/index.php?rest_route=\/wp\/v2\/users\/36"}],"replies":[{"embeddable":true,"href":"https:\/\/archive.sana.sy\/tr\/index.php?rest_route=%2Fwp%2Fv2%2Fcomments&post=259369"}],"version-history":[{"count":0,"href":"https:\/\/archive.sana.sy\/tr\/index.php?rest_route=\/wp\/v2\/posts\/259369\/revisions"}],"wp:featuredmedia":[{"embeddable":true,"href":"https:\/\/archive.sana.sy\/tr\/index.php?rest_route=\/wp\/v2\/media\/259370"}],"wp:attachment":[{"href":"https:\/\/archive.sana.sy\/tr\/index.php?rest_route=%2Fwp%2Fv2%2Fmedia&parent=259369"}],"wp:term":[{"taxonomy":"category","embeddable":true,"href":"https:\/\/archive.sana.sy\/tr\/index.php?rest_route=%2Fwp%2Fv2%2Fcategories&post=259369"},{"taxonomy":"post_tag","embeddable":true,"href":"https:\/\/archive.sana.sy\/tr\/index.php?rest_route=%2Fwp%2Fv2%2Ftags&post=259369"}],"curies":[{"name":"wp","href":"https:\/\/api.w.org\/{rel}","templated":true}]}}