{"id":259373,"date":"2022-07-23T11:32:02","date_gmt":"2022-07-23T08:32:02","guid":{"rendered":"http:\/\/107.6.182.27\/tr\/?p=259373"},"modified":"2022-07-25T08:37:13","modified_gmt":"2022-07-25T05:37:13","slug":"amerikan-isgali-calinti-suriye-petrolu-tasiyan-yeni-bir-konvoy-iraka-dogru-cikardi-5","status":"publish","type":"post","link":"https:\/\/archive.sana.sy\/tr\/?p=259373","title":{"rendered":"Amerikan \u0130\u015fgali \u00c7al\u0131nt\u0131 Suriye Petrol\u00fc Ta\u015f\u0131yan Yeni Bir Konvoy Irak\u2019a Do\u011fru \u00c7\u0131kard\u0131"},"content":{"rendered":"<p>HASEKE \u2013 Amerikan i\u015fgal g\u00fc\u00e7leri, Suriye\u2019nin El Cezir b\u00f6lgesinden Suriye petrol\u00fcn\u00fc ta\u015f\u0131yan tankerleri \u00a0ve askeri ve lojistik te\u00e7hizat y\u00fckl\u00fc ara\u00e7lar\u0131 yasad\u0131\u015f\u0131 Mahmudiye ve El Velid ge\u00e7i\u015flerinden Irak topraklar\u0131na do\u011fru \u00e7\u0131kard\u0131.<\/p>\n<p>Yarubiye\u00a0 k\u0131rsal\u0131ndaki yerel kaynaklar SANA muhabirine, \u00e7al\u0131nt\u0131 Suriye petrol\u00fcn\u00fc ta\u015f\u0131yan 35 tankerden olu\u015fan bir konvoyun, iki y\u0131ldan uzun bir s\u00fcre \u00f6nce Amerikan i\u015fgal g\u00fc\u00e7leri taraf\u0131ndan Suriye petrol\u00fcn\u00fc \u00e7almak \u00fczere belirlenen Irak&#8217;la olan yasad\u0131\u015f\u0131 Mahmudiye ge\u00e7i\u015f noktas\u0131ndan ta\u015f\u0131d\u0131\u011f\u0131n\u0131 belirtti.<\/p>\n<p>Ayn\u0131 ba\u011flamda kaynaklar, ABD i\u015fgal g\u00fc\u00e7lerinin askeri te\u00e7hizat ve lojistik malzeme y\u00fckl\u00fc 23 kapal\u0131 kamyon ve tankerden olu\u015fan bir konvoyu yasad\u0131\u015f\u0131 El Velid ge\u00e7idinden \u00e7\u0131kard\u0131\u011f\u0131n\u0131 s\u00f6yledi.<\/p>\n<p><a class=\"oajrlxb2 g5ia77u1 qu0x051f esr5mh6w e9989ue4 r7d6kgcz rq0escxv nhd2j8a9 nc684nl6 p7hjln8o kvgmc6g5 cxmmr5t8 oygrvhab hcukyx3x jb3vyjys rz4wbd8a qt6c0cv9 a8nywdso i1ao9s8h esuyzwwr f1sip0of lzcic4wl gpro0wi8 q66pz984 b1v8xokw\" tabindex=\"0\" role=\"link\" href=\"https:\/\/www.facebook.com\/hashtag\/telegram_kanal%C4%B1m%C4%B1z?__eep__=6&amp;__cft__[0]=AZWx00EAerIKyf172Ronkqds8kTWKvKKo7XN0qsMRhimYM4sB7zkXaQKvN9chBARyYhJLzXOsuxXPfNRIculbI7zeMrBgO8dIjVzowUREA6RVx32XNzN7MwxbkgQC6xMHOYz8bvpkUTy9IUCOdm_gYhkCzAi6M8nDxpMbRxlqvC96w&amp;__tn__=*NK-R\">#Telegram_Kanal\u0131m\u0131z<\/a>:\u00a0<a class=\"oajrlxb2 g5ia77u1 qu0x051f esr5mh6w e9989ue4 r7d6kgcz rq0escxv nhd2j8a9 nc684nl6 p7hjln8o kvgmc6g5 cxmmr5t8 oygrvhab hcukyx3x jb3vyjys rz4wbd8a qt6c0cv9 a8nywdso i1ao9s8h esuyzwwr f1sip0of lzcic4wl gpro0wi8 py34i1dx\" tabindex=\"0\" role=\"link\" href=\"https:\/\/t.me\/SuriyeArapHaberAjans?fbclid=IwAR25gU1_xeYAOAcNW09UE2-PcTMIK2NCFQnLNASaSZlDOOXQgn77MA27UH8\" target=\"_blank\" rel=\"nofollow noopener\">https:\/\/t.me\/SuriyeArapHaberAjans<\/a><\/p>\n","protected":false},"excerpt":{"rendered":"<p>HASEKE \u2013 Amerikan i\u015fgal g\u00fc\u00e7leri, Suriye\u2019nin El Cezir b\u00f6lgesinden Suriye petrol\u00fcn\u00fc ta\u015f\u0131yan tankerleri \u00a0ve askeri ve lojistik te\u00e7hizat y\u00fckl\u00fc ara\u00e7lar\u0131 yasad\u0131\u015f\u0131 Mahmudiye ve El Velid ge\u00e7i\u015flerinden Irak topraklar\u0131na do\u011fru \u00e7\u0131kard\u0131. Yarubiye\u00a0 k\u0131rsal\u0131ndaki yerel kaynaklar SANA muhabirine, \u00e7al\u0131nt\u0131 Suriye petrol\u00fcn\u00fc ta\u015f\u0131yan 35 tankerden olu\u015fan bir konvoyun, iki y\u0131ldan uzun bir s\u00fcre \u00f6nce Amerikan i\u015fgal g\u00fc\u00e7leri taraf\u0131ndan &hellip;<\/p>\n","protected":false},"author":36,"featured_media":259374,"comment_status":"closed","ping_status":"closed","sticky":false,"template":"","format":"standard","meta":{"footnotes":""},"categories":[479,575,17988,478],"tags":[],"class_list":["post-259373","post","type-post","status-publish","format-standard","has-post-thumbnail","","category-haberler-yerel","category-olaylar-ve-gercekler","category-son-haberler","category-yerel"],"_links":{"self":[{"href":"https:\/\/archive.sana.sy\/tr\/index.php?rest_route=\/wp\/v2\/posts\/259373","targetHints":{"allow":["GET"]}}],"collection":[{"href":"https:\/\/archive.sana.sy\/tr\/index.php?rest_route=\/wp\/v2\/posts"}],"about":[{"href":"https:\/\/archive.sana.sy\/tr\/index.php?rest_route=\/wp\/v2\/types\/post"}],"author":[{"embeddable":true,"href":"https:\/\/archive.sana.sy\/tr\/index.php?rest_route=\/wp\/v2\/users\/36"}],"replies":[{"embeddable":true,"href":"https:\/\/archive.sana.sy\/tr\/index.php?rest_route=%2Fwp%2Fv2%2Fcomments&post=259373"}],"version-history":[{"count":0,"href":"https:\/\/archive.sana.sy\/tr\/index.php?rest_route=\/wp\/v2\/posts\/259373\/revisions"}],"wp:featuredmedia":[{"embeddable":true,"href":"https:\/\/archive.sana.sy\/tr\/index.php?rest_route=\/wp\/v2\/media\/259374"}],"wp:attachment":[{"href":"https:\/\/archive.sana.sy\/tr\/index.php?rest_route=%2Fwp%2Fv2%2Fmedia&parent=259373"}],"wp:term":[{"taxonomy":"category","embeddable":true,"href":"https:\/\/archive.sana.sy\/tr\/index.php?rest_route=%2Fwp%2Fv2%2Fcategories&post=259373"},{"taxonomy":"post_tag","embeddable":true,"href":"https:\/\/archive.sana.sy\/tr\/index.php?rest_route=%2Fwp%2Fv2%2Ftags&post=259373"}],"curies":[{"name":"wp","href":"https:\/\/api.w.org\/{rel}","templated":true}]}}