{"id":259376,"date":"2022-07-22T23:35:18","date_gmt":"2022-07-22T20:35:18","guid":{"rendered":"http:\/\/107.6.182.27\/tr\/?p=259376"},"modified":"2022-07-24T08:17:25","modified_gmt":"2022-07-24T05:17:25","slug":"60tan-fazla-firmanin-katilimiyla-suriye-uluslararasi-petrol-gaz-ve-enerji-fuarinin-ucuncu-oturumunda-etkinlikleri-baslatildi","status":"publish","type":"post","link":"https:\/\/archive.sana.sy\/tr\/?p=259376","title":{"rendered":"60&#8217;tan Fazla Firman\u0131n Kat\u0131l\u0131m\u0131yla.. Suriye Uluslararas\u0131 Petrol, Gaz ve Enerji Fuar\u0131&#8217;n\u0131n \u00dc\u00e7\u00fcnc\u00fc Oturumunda Etkinlikleri Ba\u015flat\u0131ld\u0131"},"content":{"rendered":"<p>\u015eAM \u2013 Petrol end\u00fcstrileri, arama operasyonlar\u0131, et\u00fctler ve dan\u0131\u015fmanl\u0131k alanlar\u0131nda uzmanla\u015fm\u0131\u015f 60&#8217;tan fazla yerli ve yabanc\u0131 \u015firketin kat\u0131l\u0131m\u0131yla, bu ak\u015fam \u015eam\u2019daki Fuarlar Kenti\u2019nde Suriye Uluslararas\u0131 Petrol, Gaz ve Enerji \u201cSerpetro 2022\u201dnin \u00fc\u00e7\u00fcnc\u00fc oturumunun faaliyetleri ba\u015flad\u0131.<\/p>\n<p>A\u00e7\u0131l\u0131\u015f\u0131n\u0131 Petrol ve Maden Kaynaklar\u0131 Bakan\u0131 M\u00fch. Bassam Tohme&#8217;nin yapt\u0131\u011f\u0131 sergi, yat\u0131r\u0131mc\u0131lara Suriye&#8217;deki petrol projelerinin gelecekteki ihtiya\u00e7lar\u0131n\u0131 belirlemede ve petrol ve enerji sekt\u00f6r\u00fc i\u00e7in stratejik planlar ve master planlar belirlemede yard\u0131mc\u0131 olmay\u0131 ama\u00e7l\u0131yor.<\/p>\n<p>D\u00f6rt g\u00fcn s\u00fcren sergi, her g\u00fcn \u00f6\u011fleden sonra be\u015ften ak\u015fam saat on&#8217;a kadar kap\u0131lar\u0131n\u0131 a\u00e7\u0131yor ve ula\u015f\u0131m \u015eam&#8217;daki Ulusal M\u00fcze taraf\u0131ndan sa\u011flan\u0131yor.<\/p>\n<p>P.M.<\/p>\n","protected":false},"excerpt":{"rendered":"<p>\u015eAM \u2013 Petrol end\u00fcstrileri, arama operasyonlar\u0131, et\u00fctler ve dan\u0131\u015fmanl\u0131k alanlar\u0131nda uzmanla\u015fm\u0131\u015f 60&#8217;tan fazla yerli ve yabanc\u0131 \u015firketin kat\u0131l\u0131m\u0131yla, bu ak\u015fam \u015eam\u2019daki Fuarlar Kenti\u2019nde Suriye Uluslararas\u0131 Petrol, Gaz ve Enerji \u201cSerpetro 2022\u201dnin \u00fc\u00e7\u00fcnc\u00fc oturumunun faaliyetleri ba\u015flad\u0131. A\u00e7\u0131l\u0131\u015f\u0131n\u0131 Petrol ve Maden Kaynaklar\u0131 Bakan\u0131 M\u00fch. Bassam Tohme&#8217;nin yapt\u0131\u011f\u0131 sergi, yat\u0131r\u0131mc\u0131lara Suriye&#8217;deki petrol projelerinin gelecekteki ihtiya\u00e7lar\u0131n\u0131 belirlemede ve petrol &hellip;<\/p>\n","protected":false},"author":1,"featured_media":259377,"comment_status":"closed","ping_status":"closed","sticky":false,"template":"","format":"standard","meta":{"footnotes":""},"categories":[479,17988,478],"tags":[],"class_list":["post-259376","post","type-post","status-publish","format-standard","has-post-thumbnail","","category-haberler-yerel","category-son-haberler","category-yerel"],"_links":{"self":[{"href":"https:\/\/archive.sana.sy\/tr\/index.php?rest_route=\/wp\/v2\/posts\/259376","targetHints":{"allow":["GET"]}}],"collection":[{"href":"https:\/\/archive.sana.sy\/tr\/index.php?rest_route=\/wp\/v2\/posts"}],"about":[{"href":"https:\/\/archive.sana.sy\/tr\/index.php?rest_route=\/wp\/v2\/types\/post"}],"author":[{"embeddable":true,"href":"https:\/\/archive.sana.sy\/tr\/index.php?rest_route=\/wp\/v2\/users\/1"}],"replies":[{"embeddable":true,"href":"https:\/\/archive.sana.sy\/tr\/index.php?rest_route=%2Fwp%2Fv2%2Fcomments&post=259376"}],"version-history":[{"count":0,"href":"https:\/\/archive.sana.sy\/tr\/index.php?rest_route=\/wp\/v2\/posts\/259376\/revisions"}],"wp:featuredmedia":[{"embeddable":true,"href":"https:\/\/archive.sana.sy\/tr\/index.php?rest_route=\/wp\/v2\/media\/259377"}],"wp:attachment":[{"href":"https:\/\/archive.sana.sy\/tr\/index.php?rest_route=%2Fwp%2Fv2%2Fmedia&parent=259376"}],"wp:term":[{"taxonomy":"category","embeddable":true,"href":"https:\/\/archive.sana.sy\/tr\/index.php?rest_route=%2Fwp%2Fv2%2Fcategories&post=259376"},{"taxonomy":"post_tag","embeddable":true,"href":"https:\/\/archive.sana.sy\/tr\/index.php?rest_route=%2Fwp%2Fv2%2Ftags&post=259376"}],"curies":[{"name":"wp","href":"https:\/\/api.w.org\/{rel}","templated":true}]}}