{"id":259503,"date":"2022-07-25T09:42:42","date_gmt":"2022-07-25T06:42:42","guid":{"rendered":"http:\/\/107.6.182.27\/tr\/?p=259503"},"modified":"2022-07-26T08:31:46","modified_gmt":"2022-07-26T05:31:46","slug":"israil-isgal-guclerinin-ceninin-guneyindeki-saldirisi-sonucu-birkac-filistinli-yaralandi","status":"publish","type":"post","link":"https:\/\/archive.sana.sy\/tr\/?p=259503","title":{"rendered":"\u0130srail \u0130\u015fgal G\u00fc\u00e7leri, Cenin&#8217;in G\u00fcneyine Sald\u0131rd\u0131 Baz\u0131 Filistinliler Yaraland\u0131"},"content":{"rendered":"<p>\u0130\u015eGAL ED\u0130LEN KUD\u00dcS \u2013\u0130srail i\u015fgal g\u00fc\u00e7lerinin, Bat\u0131 Yaka&#8217;daki Cenin&#8217;in g\u00fcneyinde kendilerine sald\u0131rmas\u0131 sonucu birka\u00e7 Filistinli yaraland\u0131.<\/p>\n<p>WAFA Haber Ajans\u0131, i\u015fgal g\u00fc\u00e7lerinin Cenin&#8217;in g\u00fcneyindeki Caba kasabas\u0131na bask\u0131n d\u00fczenledi\u011fini ve Filistinlilere kur\u015fun ve zehirli gaz kaps\u00fcl\u00fc atarak bir\u00e7o\u011funun bo\u011fulmas\u0131na neden oldu\u011funu belirtti.<\/p>\n<p>\u0130\u015fgalci g\u00fc\u00e7ler ayr\u0131ca, Anza ve Araba k\u00f6ylerinin giri\u015flerine de askeri kontrol noktalar\u0131 kurdu\u011funu, Bir El Ba\u015fa, Ya&#8217;bud, Maraka ve El Zaviye beldeleri \u00e7evresinde askeri varl\u0131\u011f\u0131n\u0131 yo\u011funla\u015ft\u0131rd\u0131\u011f\u0131na i\u015faret etti.<\/p>\n<p><a class=\"oajrlxb2 g5ia77u1 qu0x051f esr5mh6w e9989ue4 r7d6kgcz rq0escxv nhd2j8a9 nc684nl6 p7hjln8o kvgmc6g5 cxmmr5t8 oygrvhab hcukyx3x jb3vyjys rz4wbd8a qt6c0cv9 a8nywdso i1ao9s8h esuyzwwr f1sip0of lzcic4wl gpro0wi8 q66pz984 b1v8xokw\" tabindex=\"0\" role=\"link\" href=\"https:\/\/www.facebook.com\/hashtag\/telegram_kanal%C4%B1m%C4%B1z?__eep__=6&amp;__cft__[0]=AZXNJbnBibC5cB8eH9x4O-dMHdYn-TvH51Eeb7UZTx9qNUOzb0azH4SgAwp-v43pfaiZg7GLs1vA4ZI2dZa_-TGRA2pp3pOIhhOuWUDtnDR7uBvPEPQLwerO8E2ylVhMGRHrFPs7T5Orsubaqvik--34VURoo1hpGs-DVKQa9hAoFA&amp;__tn__=*NK-R\">#Telegram_Kanal\u0131m\u0131z<\/a>: <a class=\"oajrlxb2 g5ia77u1 qu0x051f esr5mh6w e9989ue4 r7d6kgcz rq0escxv nhd2j8a9 nc684nl6 p7hjln8o kvgmc6g5 cxmmr5t8 oygrvhab hcukyx3x jb3vyjys rz4wbd8a qt6c0cv9 a8nywdso i1ao9s8h esuyzwwr f1sip0of lzcic4wl gpro0wi8 py34i1dx\" tabindex=\"0\" role=\"link\" href=\"https:\/\/t.me\/SuriyeArapHaberAjans?fbclid=IwAR2FzT2cBMxOzXRa_TpcJMde0j57GZuHut27W-rqti3jd_HQlYFpObVA6kA\" target=\"_blank\" rel=\"nofollow noopener\">https:\/\/t.me\/SuriyeArapHaberAjans<\/a><\/p>\n","protected":false},"excerpt":{"rendered":"<p>\u0130\u015eGAL ED\u0130LEN KUD\u00dcS \u2013\u0130srail i\u015fgal g\u00fc\u00e7lerinin, Bat\u0131 Yaka&#8217;daki Cenin&#8217;in g\u00fcneyinde kendilerine sald\u0131rmas\u0131 sonucu birka\u00e7 Filistinli yaraland\u0131. WAFA Haber Ajans\u0131, i\u015fgal g\u00fc\u00e7lerinin Cenin&#8217;in g\u00fcneyindeki Caba kasabas\u0131na bask\u0131n d\u00fczenledi\u011fini ve Filistinlilere kur\u015fun ve zehirli gaz kaps\u00fcl\u00fc atarak bir\u00e7o\u011funun bo\u011fulmas\u0131na neden oldu\u011funu belirtti. \u0130\u015fgalci g\u00fc\u00e7ler ayr\u0131ca, Anza ve Araba k\u00f6ylerinin giri\u015flerine de askeri kontrol noktalar\u0131 kurdu\u011funu, Bir El &hellip;<\/p>\n","protected":false},"author":39,"featured_media":259504,"comment_status":"closed","ping_status":"closed","sticky":false,"template":"","format":"standard","meta":{"footnotes":""},"categories":[458,459,17988],"tags":[],"class_list":["post-259503","post","type-post","status-publish","format-standard","has-post-thumbnail","","category-dunya1","category-haberler-arap-uluslararasi-politika","category-son-haberler"],"_links":{"self":[{"href":"https:\/\/archive.sana.sy\/tr\/index.php?rest_route=\/wp\/v2\/posts\/259503","targetHints":{"allow":["GET"]}}],"collection":[{"href":"https:\/\/archive.sana.sy\/tr\/index.php?rest_route=\/wp\/v2\/posts"}],"about":[{"href":"https:\/\/archive.sana.sy\/tr\/index.php?rest_route=\/wp\/v2\/types\/post"}],"author":[{"embeddable":true,"href":"https:\/\/archive.sana.sy\/tr\/index.php?rest_route=\/wp\/v2\/users\/39"}],"replies":[{"embeddable":true,"href":"https:\/\/archive.sana.sy\/tr\/index.php?rest_route=%2Fwp%2Fv2%2Fcomments&post=259503"}],"version-history":[{"count":0,"href":"https:\/\/archive.sana.sy\/tr\/index.php?rest_route=\/wp\/v2\/posts\/259503\/revisions"}],"wp:featuredmedia":[{"embeddable":true,"href":"https:\/\/archive.sana.sy\/tr\/index.php?rest_route=\/wp\/v2\/media\/259504"}],"wp:attachment":[{"href":"https:\/\/archive.sana.sy\/tr\/index.php?rest_route=%2Fwp%2Fv2%2Fmedia&parent=259503"}],"wp:term":[{"taxonomy":"category","embeddable":true,"href":"https:\/\/archive.sana.sy\/tr\/index.php?rest_route=%2Fwp%2Fv2%2Fcategories&post=259503"},{"taxonomy":"post_tag","embeddable":true,"href":"https:\/\/archive.sana.sy\/tr\/index.php?rest_route=%2Fwp%2Fv2%2Ftags&post=259503"}],"curies":[{"name":"wp","href":"https:\/\/api.w.org\/{rel}","templated":true}]}}