{"id":259506,"date":"2022-07-10T09:48:02","date_gmt":"2022-07-10T06:48:02","guid":{"rendered":"http:\/\/107.6.182.27\/tr\/?p=259506"},"modified":"2022-07-25T09:52:06","modified_gmt":"2022-07-25T06:52:06","slug":"israil-isgal-gucleri-bati-yakada-13-filistinliyi-tutukladi-4","status":"publish","type":"post","link":"https:\/\/archive.sana.sy\/tr\/?p=259506","title":{"rendered":"\u0130srail \u0130\u015fgal G\u00fc\u00e7leri, Bat\u0131 Yaka\u2019da 13 Filistinliyi Tutuklad\u0131"},"content":{"rendered":"<p>\u0130\u015eGAL ED\u0130LEN KUD\u00dcS \u2013 \u0130srail i\u015fgal g\u00fc\u00e7leri, Bat\u0131 Yaka\u2019n\u0131n farkl\u0131 b\u00f6lgelerinde 13 Filistinliyi tutuklad\u0131.<\/p>\n<p>WAFA Haber Ajans\u0131, i\u015fgal g\u00fc\u00e7lerinin, Kud\u00fcs, Cenin, Nablus, Tulkarm \u015fehirlerinde birka\u00e7 mahallesi, Ramallah\u2019taki Beyt Sira ve Beytunya beldesi, El Halil\u2019deki Dahiriya, Beyt Ammr, El Arup kamp\u0131 ve Salfit\u2019teki Iskaka k\u00f6y\u00fcne bask\u0131n d\u00fczenledi\u011fini belirtirken, 13 Filistinliyi tutuklad\u0131\u011f\u0131na i\u015faret etti.<\/p>\n<p><a class=\"oajrlxb2 g5ia77u1 qu0x051f esr5mh6w e9989ue4 r7d6kgcz rq0escxv nhd2j8a9 nc684nl6 p7hjln8o kvgmc6g5 cxmmr5t8 oygrvhab hcukyx3x jb3vyjys rz4wbd8a qt6c0cv9 a8nywdso i1ao9s8h esuyzwwr f1sip0of lzcic4wl gpro0wi8 q66pz984 b1v8xokw\" tabindex=\"0\" role=\"link\" href=\"https:\/\/www.facebook.com\/hashtag\/telegram_kanal%C4%B1m%C4%B1z?__eep__=6&amp;__cft__[0]=AZW5ik73sKWIdiccP8P2-NueGFcuQTj_Qfb-lB7ZZ6hky92f3SUIyKRz7Uz_RT_WvqMSw8fKKQ_yck3zC4SwvJF_lUVVlN7wWJZIDVE9iM6oWBD7QPP8-RuZF4DajOIZ8HqkTVWDXMBozjeVcfVg33GQCgHkvi3Tqtxtt8OJXwFiLg&amp;__tn__=*NK-R\">#Telegram_Kanal\u0131m\u0131z<\/a>:\u00a0<a class=\"oajrlxb2 g5ia77u1 qu0x051f esr5mh6w e9989ue4 r7d6kgcz rq0escxv nhd2j8a9 nc684nl6 p7hjln8o kvgmc6g5 cxmmr5t8 oygrvhab hcukyx3x jb3vyjys rz4wbd8a qt6c0cv9 a8nywdso i1ao9s8h esuyzwwr f1sip0of lzcic4wl gpro0wi8 py34i1dx\" tabindex=\"0\" role=\"link\" href=\"https:\/\/l.facebook.com\/l.php?u=https%3A%2F%2Ft.me%2FSuriyeArapHaberAjans%3Ffbclid%3DIwAR2YbufOmojuNTXBbsybAljCrLUEwFnOrnYFYhx_5Q5eEUYJhnKpW16_Jn0&amp;h=AT1GMvy8EMAwZtmI3772uSsGzNbEm60p8wNaGtSUD675UxWfwNJycjavR6rZmH6c0mfpfsI63aayLRiclMhXlekHNG6a9ui6fY7HpmwqXlCmlpWpBDC3Hc0smREyDgeA_TA&amp;__tn__=-UK-R&amp;c[0]=AT0IksFQUABQScKy4eFPuvuZuxh70KQ7tGqv-xoUL26tZvpLqFjGpDwUZ65gNLt-s6xzvconAlWeq0UAsd4Iiy99yjKp-BLjFpcaLdTGRBQtWxnZ6nvz_F8oIarHEEKnZ1B8O9ZdVTyx40QjMaZydXtHj0LAA3LsMf9SLHq9xUxGDLLpx7fejyuiwBk78TlfsjaZsZCz\" target=\"_blank\" rel=\"nofollow noopener\">https:\/\/t.me\/SuriyeArapHaberAjans<\/a><\/p>\n","protected":false},"excerpt":{"rendered":"<p>\u0130\u015eGAL ED\u0130LEN KUD\u00dcS \u2013 \u0130srail i\u015fgal g\u00fc\u00e7leri, Bat\u0131 Yaka\u2019n\u0131n farkl\u0131 b\u00f6lgelerinde 13 Filistinliyi tutuklad\u0131. WAFA Haber Ajans\u0131, i\u015fgal g\u00fc\u00e7lerinin, Kud\u00fcs, Cenin, Nablus, Tulkarm \u015fehirlerinde birka\u00e7 mahallesi, Ramallah\u2019taki Beyt Sira ve Beytunya beldesi, El Halil\u2019deki Dahiriya, Beyt Ammr, El Arup kamp\u0131 ve Salfit\u2019teki Iskaka k\u00f6y\u00fcne bask\u0131n d\u00fczenledi\u011fini belirtirken, 13 Filistinliyi tutuklad\u0131\u011f\u0131na i\u015faret etti. #Telegram_Kanal\u0131m\u0131z:\u00a0https:\/\/t.me\/SuriyeArapHaberAjans<\/p>\n","protected":false},"author":39,"featured_media":259507,"comment_status":"closed","ping_status":"closed","sticky":false,"template":"","format":"standard","meta":{"footnotes":""},"categories":[458,459,17988],"tags":[],"class_list":["post-259506","post","type-post","status-publish","format-standard","has-post-thumbnail","","category-dunya1","category-haberler-arap-uluslararasi-politika","category-son-haberler"],"_links":{"self":[{"href":"https:\/\/archive.sana.sy\/tr\/index.php?rest_route=\/wp\/v2\/posts\/259506","targetHints":{"allow":["GET"]}}],"collection":[{"href":"https:\/\/archive.sana.sy\/tr\/index.php?rest_route=\/wp\/v2\/posts"}],"about":[{"href":"https:\/\/archive.sana.sy\/tr\/index.php?rest_route=\/wp\/v2\/types\/post"}],"author":[{"embeddable":true,"href":"https:\/\/archive.sana.sy\/tr\/index.php?rest_route=\/wp\/v2\/users\/39"}],"replies":[{"embeddable":true,"href":"https:\/\/archive.sana.sy\/tr\/index.php?rest_route=%2Fwp%2Fv2%2Fcomments&post=259506"}],"version-history":[{"count":0,"href":"https:\/\/archive.sana.sy\/tr\/index.php?rest_route=\/wp\/v2\/posts\/259506\/revisions"}],"wp:featuredmedia":[{"embeddable":true,"href":"https:\/\/archive.sana.sy\/tr\/index.php?rest_route=\/wp\/v2\/media\/259507"}],"wp:attachment":[{"href":"https:\/\/archive.sana.sy\/tr\/index.php?rest_route=%2Fwp%2Fv2%2Fmedia&parent=259506"}],"wp:term":[{"taxonomy":"category","embeddable":true,"href":"https:\/\/archive.sana.sy\/tr\/index.php?rest_route=%2Fwp%2Fv2%2Fcategories&post=259506"},{"taxonomy":"post_tag","embeddable":true,"href":"https:\/\/archive.sana.sy\/tr\/index.php?rest_route=%2Fwp%2Fv2%2Ftags&post=259506"}],"curies":[{"name":"wp","href":"https:\/\/api.w.org\/{rel}","templated":true}]}}