{"id":259558,"date":"2022-07-26T08:55:38","date_gmt":"2022-07-26T05:55:38","guid":{"rendered":"http:\/\/107.6.182.27\/tr\/?p=259558"},"modified":"2022-07-27T08:17:53","modified_gmt":"2022-07-27T05:17:53","slug":"israil-isgal-gucleri-beyt-lahimda-4-filistinliyi-tutukladi","status":"publish","type":"post","link":"https:\/\/archive.sana.sy\/tr\/?p=259558","title":{"rendered":"\u0130srail \u0130\u015fgal G\u00fc\u00e7leri, Beyt Lah\u0131m&#8217;da 4 Filistinliyi Tutuklad\u0131"},"content":{"rendered":"<p>\u0130\u015eGAL ED\u0130LEN KUD\u00dcS \u2013\u0130srail i\u015fgal g\u00fc\u00e7leri, Bat\u0131 Yaka&#8217;n\u0131n Beyt Lah\u0131m kentinde 4 Filistinliyi tutuklad\u0131.<\/p>\n<p>Filistinli WAFA Haber Ajans\u0131, \u0130srail i\u015fgal g\u00fc\u00e7lerinin, Beyt Lah\u0131m&#8217;\u0131n g\u00fcneyindeki Beyt Faccar beldesi ve Dhe\u015feh kamp\u0131na bask\u0131n d\u00fczenledi\u011fini belirtirken, 4 Filistinliyi tutuklad\u0131\u011f\u0131na i\u015faret etti.<\/p>\n<p><a class=\"oajrlxb2 g5ia77u1 qu0x051f esr5mh6w e9989ue4 r7d6kgcz rq0escxv nhd2j8a9 nc684nl6 p7hjln8o kvgmc6g5 cxmmr5t8 oygrvhab hcukyx3x jb3vyjys rz4wbd8a qt6c0cv9 a8nywdso i1ao9s8h esuyzwwr f1sip0of lzcic4wl gpro0wi8 q66pz984 b1v8xokw\" tabindex=\"0\" role=\"link\" href=\"https:\/\/www.facebook.com\/hashtag\/telegram_kanal%C4%B1m%C4%B1z?__eep__=6&amp;__cft__[0]=AZWWG0JTaaev47Y0wTLTiD8D15K5RwFMAIYdwas7O6NrFVAA3r65ElZ1CDF6BtPjJ5afAErl_n_pEQcnCxH4YKZJfk8hOeDxWuUpYDom05bOTHv0C4o_g3Y5bIq_-kXmlLMOimr8Y0nQewRRsHqWYgpwmLdcSe7jgfPh2iUU6AiSyg&amp;__tn__=*NK-R\">#Telegram_Kanal\u0131m\u0131z<\/a>: <a class=\"oajrlxb2 g5ia77u1 qu0x051f esr5mh6w e9989ue4 r7d6kgcz rq0escxv nhd2j8a9 nc684nl6 p7hjln8o kvgmc6g5 cxmmr5t8 oygrvhab hcukyx3x jb3vyjys rz4wbd8a qt6c0cv9 a8nywdso i1ao9s8h esuyzwwr f1sip0of lzcic4wl gpro0wi8 py34i1dx\" tabindex=\"0\" role=\"link\" href=\"https:\/\/l.facebook.com\/l.php?u=https%3A%2F%2Ft.me%2FSuriyeArapHaberAjans%3Ffbclid%3DIwAR0GCtt1NCofqmJSbOdzfueHmV8aQNQcGO0H7Z_sINg_nPYRdEKzaK4e3So&amp;h=AT2kOexckLxu3oYDlScINUbB3LO_7hptpOBk4BxMeHsBvLlJWhJZaQTGzah_ttsgWdW3GSptyAIq56lOvvzRN0-GZvG8-P5BeaBwGUGaYz_kjO79oR3koMjupgWSQ4-6wZM&amp;__tn__=-UK-R&amp;c[0]=AT0phlXLvKx-qTngpE_0Aac_PUPCj_Re0FqG0NUEuFyq7zV8u0WCYXa_8TwthBQz9UR49jA0FSN14IblYyh_ArjcHSE1KEi5We3m9_GbhByJL2gjxBG0duoefXK-qNte_PGKQnM68htX3fijn2C-5qPeC2zuLywd5cGD3bTADTgvwKJ7smpGHV0QkBZVdjn8zE0F8fxs\" target=\"_blank\" rel=\"nofollow noopener\">https:\/\/t.me\/SuriyeArapHaberAjans<\/a><\/p>\n","protected":false},"excerpt":{"rendered":"<p>\u0130\u015eGAL ED\u0130LEN KUD\u00dcS \u2013\u0130srail i\u015fgal g\u00fc\u00e7leri, Bat\u0131 Yaka&#8217;n\u0131n Beyt Lah\u0131m kentinde 4 Filistinliyi tutuklad\u0131. Filistinli WAFA Haber Ajans\u0131, \u0130srail i\u015fgal g\u00fc\u00e7lerinin, Beyt Lah\u0131m&#8217;\u0131n g\u00fcneyindeki Beyt Faccar beldesi ve Dhe\u015feh kamp\u0131na bask\u0131n d\u00fczenledi\u011fini belirtirken, 4 Filistinliyi tutuklad\u0131\u011f\u0131na i\u015faret etti. #Telegram_Kanal\u0131m\u0131z: https:\/\/t.me\/SuriyeArapHaberAjans<\/p>\n","protected":false},"author":39,"featured_media":259559,"comment_status":"closed","ping_status":"closed","sticky":false,"template":"","format":"standard","meta":{"footnotes":""},"categories":[458,459,17988],"tags":[],"class_list":["post-259558","post","type-post","status-publish","format-standard","has-post-thumbnail","","category-dunya1","category-haberler-arap-uluslararasi-politika","category-son-haberler"],"_links":{"self":[{"href":"https:\/\/archive.sana.sy\/tr\/index.php?rest_route=\/wp\/v2\/posts\/259558","targetHints":{"allow":["GET"]}}],"collection":[{"href":"https:\/\/archive.sana.sy\/tr\/index.php?rest_route=\/wp\/v2\/posts"}],"about":[{"href":"https:\/\/archive.sana.sy\/tr\/index.php?rest_route=\/wp\/v2\/types\/post"}],"author":[{"embeddable":true,"href":"https:\/\/archive.sana.sy\/tr\/index.php?rest_route=\/wp\/v2\/users\/39"}],"replies":[{"embeddable":true,"href":"https:\/\/archive.sana.sy\/tr\/index.php?rest_route=%2Fwp%2Fv2%2Fcomments&post=259558"}],"version-history":[{"count":0,"href":"https:\/\/archive.sana.sy\/tr\/index.php?rest_route=\/wp\/v2\/posts\/259558\/revisions"}],"wp:featuredmedia":[{"embeddable":true,"href":"https:\/\/archive.sana.sy\/tr\/index.php?rest_route=\/wp\/v2\/media\/259559"}],"wp:attachment":[{"href":"https:\/\/archive.sana.sy\/tr\/index.php?rest_route=%2Fwp%2Fv2%2Fmedia&parent=259558"}],"wp:term":[{"taxonomy":"category","embeddable":true,"href":"https:\/\/archive.sana.sy\/tr\/index.php?rest_route=%2Fwp%2Fv2%2Fcategories&post=259558"},{"taxonomy":"post_tag","embeddable":true,"href":"https:\/\/archive.sana.sy\/tr\/index.php?rest_route=%2Fwp%2Fv2%2Ftags&post=259558"}],"curies":[{"name":"wp","href":"https:\/\/api.w.org\/{rel}","templated":true}]}}