{"id":259601,"date":"2022-07-26T19:12:31","date_gmt":"2022-07-26T16:12:31","guid":{"rendered":"http:\/\/107.6.182.27\/tr\/?p=259601"},"modified":"2022-07-28T08:27:49","modified_gmt":"2022-07-28T05:27:49","slug":"dsg-milisleri-15ten-fazla-genci-zorla-kendi-saflarina-katmak-icin-kacirdi","status":"publish","type":"post","link":"https:\/\/archive.sana.sy\/tr\/?p=259601","title":{"rendered":"\u201cDSG\u201d Milisleri, 15&#8217;ten Fazla Genci Zorla Kendi Saflar\u0131na Katmak \u0130\u00e7in Ka\u00e7\u0131rd\u0131"},"content":{"rendered":"<p><span style=\"color: #800000;\">RAKKA \u2013<\/span> Amerikan i\u015fgal g\u00fc\u00e7lerinin destekledi\u011fi \u201cDSG\u201d milisleri, Rakka&#8217;da yay\u0131ld\u0131klar\u0131 b\u00f6lgelerde halka y\u00f6nelik sald\u0131r\u0131lar\u0131na devam ederek, bask\u0131n ve aramalar d\u00fczenleyip, birka\u00e7 genci zorla kendi saflar\u0131na katmak i\u00e7in ka\u00e7\u0131rd\u0131.<\/p>\n<p>Yerel kaynaklar SANA muhabirine, &#8220;DSG milislerine ait silahl\u0131 gruplar\u0131n, Rakka&#8217;n\u0131n bat\u0131 k\u0131rsal\u0131ndaki El Tabka kentinde birka\u00e7 eve bask\u0131n d\u00fczenledi\u011fini ve 15&#8217;ten fazla genci zorla askeri kamplar\u0131na s\u00fcrmek i\u00e7in ka\u00e7\u0131rd\u0131\u011f\u0131n\u0131 s\u00f6yledi.<\/p>\n<p>Kaynaklar, milislerin Rakka kentinin bat\u0131s\u0131ndaki El Muvelih ve El \u015eerka k\u00f6ylerine bask\u0131n d\u00fczenledi\u011fini, kamplar\u0131na s\u00fcrmek ve zorla silah tutmaya zorlamak i\u00e7in gen\u00e7leri arad\u0131\u011f\u0131na dikkat \u00e7ekti.<\/p>\n","protected":false},"excerpt":{"rendered":"<p>RAKKA \u2013 Amerikan i\u015fgal g\u00fc\u00e7lerinin destekledi\u011fi \u201cDSG\u201d milisleri, Rakka&#8217;da yay\u0131ld\u0131klar\u0131 b\u00f6lgelerde halka y\u00f6nelik sald\u0131r\u0131lar\u0131na devam ederek, bask\u0131n ve aramalar d\u00fczenleyip, birka\u00e7 genci zorla kendi saflar\u0131na katmak i\u00e7in ka\u00e7\u0131rd\u0131. Yerel kaynaklar SANA muhabirine, &#8220;DSG milislerine ait silahl\u0131 gruplar\u0131n, Rakka&#8217;n\u0131n bat\u0131 k\u0131rsal\u0131ndaki El Tabka kentinde birka\u00e7 eve bask\u0131n d\u00fczenledi\u011fini ve 15&#8217;ten fazla genci zorla askeri kamplar\u0131na s\u00fcrmek &hellip;<\/p>\n","protected":false},"author":39,"featured_media":259602,"comment_status":"closed","ping_status":"closed","sticky":false,"template":"","format":"standard","meta":{"footnotes":""},"categories":[479,575,17988,478],"tags":[],"class_list":["post-259601","post","type-post","status-publish","format-standard","has-post-thumbnail","","category-haberler-yerel","category-olaylar-ve-gercekler","category-son-haberler","category-yerel"],"_links":{"self":[{"href":"https:\/\/archive.sana.sy\/tr\/index.php?rest_route=\/wp\/v2\/posts\/259601","targetHints":{"allow":["GET"]}}],"collection":[{"href":"https:\/\/archive.sana.sy\/tr\/index.php?rest_route=\/wp\/v2\/posts"}],"about":[{"href":"https:\/\/archive.sana.sy\/tr\/index.php?rest_route=\/wp\/v2\/types\/post"}],"author":[{"embeddable":true,"href":"https:\/\/archive.sana.sy\/tr\/index.php?rest_route=\/wp\/v2\/users\/39"}],"replies":[{"embeddable":true,"href":"https:\/\/archive.sana.sy\/tr\/index.php?rest_route=%2Fwp%2Fv2%2Fcomments&post=259601"}],"version-history":[{"count":0,"href":"https:\/\/archive.sana.sy\/tr\/index.php?rest_route=\/wp\/v2\/posts\/259601\/revisions"}],"wp:featuredmedia":[{"embeddable":true,"href":"https:\/\/archive.sana.sy\/tr\/index.php?rest_route=\/wp\/v2\/media\/259602"}],"wp:attachment":[{"href":"https:\/\/archive.sana.sy\/tr\/index.php?rest_route=%2Fwp%2Fv2%2Fmedia&parent=259601"}],"wp:term":[{"taxonomy":"category","embeddable":true,"href":"https:\/\/archive.sana.sy\/tr\/index.php?rest_route=%2Fwp%2Fv2%2Fcategories&post=259601"},{"taxonomy":"post_tag","embeddable":true,"href":"https:\/\/archive.sana.sy\/tr\/index.php?rest_route=%2Fwp%2Fv2%2Ftags&post=259601"}],"curies":[{"name":"wp","href":"https:\/\/api.w.org\/{rel}","templated":true}]}}