{"id":259604,"date":"2022-07-26T19:15:43","date_gmt":"2022-07-26T16:15:43","guid":{"rendered":"http:\/\/107.6.182.27\/tr\/?p=259604"},"modified":"2022-07-28T08:27:19","modified_gmt":"2022-07-28T05:27:19","slug":"halep-kirsalindaki-al-suayb-koyunde-iki-bomba-duzenegi-patladi-maddi-hasar-meydana-geldi","status":"publish","type":"post","link":"https:\/\/archive.sana.sy\/tr\/?p=259604","title":{"rendered":"Halep K\u0131rsal\u0131ndaki Al \u015euayb K\u00f6y\u00fcnde \u0130ki Bomba D\u00fczene\u011fi Patlad\u0131 Maddi Hasar Meydana Geldi"},"content":{"rendered":"<p><span style=\"color: #800000;\">HALEP<\/span> &#8211; Halep k\u0131rsal\u0131ndaki Cerablus b\u00f6lgesindeki T\u00fcrk i\u015fgal g\u00fc\u00e7lerine ba\u011fl\u0131 ter\u00f6r \u00f6rg\u00fctlerinin konu\u015fland\u0131\u011f\u0131 Al \u015euayb k\u00f6y\u00fcnde iki ara\u00e7ta iki bomba d\u00fczene\u011fi patlad\u0131.<\/p>\n<p>\u015eehirden yerel kaynaklar SANA&#8217;ya verdi\u011fi deme\u00e7te, kuzey k\u0131rsal\u0131ndaki Cerablus b\u00f6lgesindeki Al \u011eandura il\u00e7esine ba\u011fl\u0131 Al \u015euayb k\u00f6y\u00fcnde iki araca yerle\u015ftirilen iki patlay\u0131c\u0131n\u0131n yak\u0131n zamanda infilak ederek yerde maddi hasara yol a\u00e7t\u0131\u011f\u0131n\u0131 ve iki arabay\u0131 yakt\u0131\u011f\u0131n\u0131 s\u00f6yledi.<\/p>\n<p>Kaynaklar, iki patlaman\u0131n T\u00fcrk i\u015fgaline ba\u011fl\u0131 ter\u00f6rist gruplar aras\u0131nda devam eden \u00e7at\u0131\u015fmalar, n\u00fcfuz alan\u0131 rekabeti, \u00e7al\u0131nt\u0131 mallar\u0131n payla\u015f\u0131m\u0131 ve T\u00fcrkiye topraklar\u0131na y\u00f6nelik yasad\u0131\u015f\u0131 ka\u00e7ak\u00e7\u0131l\u0131k koridorlar\u0131n\u0131n kontrol\u00fc ba\u011flam\u0131nda ger\u00e7ekle\u015fti\u011fine dikkat \u00e7ekti.<\/p>\n","protected":false},"excerpt":{"rendered":"<p>HALEP &#8211; Halep k\u0131rsal\u0131ndaki Cerablus b\u00f6lgesindeki T\u00fcrk i\u015fgal g\u00fc\u00e7lerine ba\u011fl\u0131 ter\u00f6r \u00f6rg\u00fctlerinin konu\u015fland\u0131\u011f\u0131 Al \u015euayb k\u00f6y\u00fcnde iki ara\u00e7ta iki bomba d\u00fczene\u011fi patlad\u0131. \u015eehirden yerel kaynaklar SANA&#8217;ya verdi\u011fi deme\u00e7te, kuzey k\u0131rsal\u0131ndaki Cerablus b\u00f6lgesindeki Al \u011eandura il\u00e7esine ba\u011fl\u0131 Al \u015euayb k\u00f6y\u00fcnde iki araca yerle\u015ftirilen iki patlay\u0131c\u0131n\u0131n yak\u0131n zamanda infilak ederek yerde maddi hasara yol a\u00e7t\u0131\u011f\u0131n\u0131 ve iki &hellip;<\/p>\n","protected":false},"author":1,"featured_media":259605,"comment_status":"closed","ping_status":"closed","sticky":false,"template":"","format":"standard","meta":{"footnotes":""},"categories":[479,575,17988,2555,478],"tags":[],"class_list":["post-259604","post","type-post","status-publish","format-standard","has-post-thumbnail","","category-haberler-yerel","category-olaylar-ve-gercekler","category-son-haberler","category-suriye-ve-turkiye","category-yerel"],"_links":{"self":[{"href":"https:\/\/archive.sana.sy\/tr\/index.php?rest_route=\/wp\/v2\/posts\/259604","targetHints":{"allow":["GET"]}}],"collection":[{"href":"https:\/\/archive.sana.sy\/tr\/index.php?rest_route=\/wp\/v2\/posts"}],"about":[{"href":"https:\/\/archive.sana.sy\/tr\/index.php?rest_route=\/wp\/v2\/types\/post"}],"author":[{"embeddable":true,"href":"https:\/\/archive.sana.sy\/tr\/index.php?rest_route=\/wp\/v2\/users\/1"}],"replies":[{"embeddable":true,"href":"https:\/\/archive.sana.sy\/tr\/index.php?rest_route=%2Fwp%2Fv2%2Fcomments&post=259604"}],"version-history":[{"count":0,"href":"https:\/\/archive.sana.sy\/tr\/index.php?rest_route=\/wp\/v2\/posts\/259604\/revisions"}],"wp:featuredmedia":[{"embeddable":true,"href":"https:\/\/archive.sana.sy\/tr\/index.php?rest_route=\/wp\/v2\/media\/259605"}],"wp:attachment":[{"href":"https:\/\/archive.sana.sy\/tr\/index.php?rest_route=%2Fwp%2Fv2%2Fmedia&parent=259604"}],"wp:term":[{"taxonomy":"category","embeddable":true,"href":"https:\/\/archive.sana.sy\/tr\/index.php?rest_route=%2Fwp%2Fv2%2Fcategories&post=259604"},{"taxonomy":"post_tag","embeddable":true,"href":"https:\/\/archive.sana.sy\/tr\/index.php?rest_route=%2Fwp%2Fv2%2Ftags&post=259604"}],"curies":[{"name":"wp","href":"https:\/\/api.w.org\/{rel}","templated":true}]}}