{"id":259610,"date":"2022-07-26T23:32:06","date_gmt":"2022-07-26T20:32:06","guid":{"rendered":"http:\/\/107.6.182.27\/tr\/?p=259610"},"modified":"2022-07-27T08:18:38","modified_gmt":"2022-07-27T05:18:38","slug":"halk-meclisindeki-kardeslik-komitesi-turkiyenin-dohuk-saldirisinda-hayatini-kaybedenler-icin-irak-buyukelciligine-bassagligi-diledi","status":"publish","type":"post","link":"https:\/\/archive.sana.sy\/tr\/?p=259610","title":{"rendered":"Halk Meclisi&#8217;ndeki Karde\u015flik Komitesi, T\u00fcrkiye&#8217;nin Dohuk Sald\u0131r\u0131s\u0131nda Hayat\u0131n\u0131 Kaybedenler \u0130\u00e7in Irak B\u00fcy\u00fckel\u00e7ili\u011fine Ba\u015fsa\u011fl\u0131\u011f\u0131 Diledi"},"content":{"rendered":"<p style=\"text-align: justify;\">\u015eAM \u2013 Halk Meclisi Suriye-Irak Karde\u015fli\u011fi Komitesi bug\u00fcn Irak \u015eam B\u00fcy\u00fckel\u00e7ili\u011fi Maslahatg\u00fczar\u0131 Yassin \u015earif el Hujeymi&#8217;ye T\u00fcrk rejiminin Dohuk Valili\u011fi&#8217;ne sald\u0131r\u0131s\u0131 sonucu ayaklanan Irak \u015fehitleri i\u00e7in taziyelerini iletti.<\/p>\n<p style=\"text-align: justify;\">Irak&#8217;\u0131n \u015eam B\u00fcy\u00fckel\u00e7ili\u011fi&#8217;nde Maslahatg\u00fczar ile yapt\u0131\u011f\u0131 g\u00f6r\u00fc\u015fmede, komite ba\u015fkan\u0131 ve \u00fcyeleri iki karde\u015f halk aras\u0131ndaki karde\u015f\u00e7e ve tarihi ili\u015fkilerin g\u00fcc\u00fcn\u00fc vurgulad\u0131lar.<\/p>\n<p style=\"text-align: justify;\">El Hujeymi ise, iki halk\u0131 ve iki karde\u015f \u00fclkeyi birbirine ba\u011flayan g\u00fc\u00e7l\u00fc karde\u015flik ili\u015fkilerine i\u015faret ederek, taziyelerini sunan Halk Meclisine te\u015fekk\u00fcr ve takdirlerini ifade etti.<\/p>\n<p style=\"text-align: justify;\">Heyette Halk Meclisi&#8217;ndeki Suriye-Irak Karde\u015flik Komitesi ba\u015fkan\u0131 H\u00fcseyin Jassem Hamad ve \u00e7ok say\u0131da komite \u00fcyesi yer ald\u0131.<\/p>\n<p style=\"text-align: justify;\">P.M.<\/p>\n","protected":false},"excerpt":{"rendered":"<p>\u015eAM \u2013 Halk Meclisi Suriye-Irak Karde\u015fli\u011fi Komitesi bug\u00fcn Irak \u015eam B\u00fcy\u00fckel\u00e7ili\u011fi Maslahatg\u00fczar\u0131 Yassin \u015earif el Hujeymi&#8217;ye T\u00fcrk rejiminin Dohuk Valili\u011fi&#8217;ne sald\u0131r\u0131s\u0131 sonucu ayaklanan Irak \u015fehitleri i\u00e7in taziyelerini iletti. Irak&#8217;\u0131n \u015eam B\u00fcy\u00fckel\u00e7ili\u011fi&#8217;nde Maslahatg\u00fczar ile yapt\u0131\u011f\u0131 g\u00f6r\u00fc\u015fmede, komite ba\u015fkan\u0131 ve \u00fcyeleri iki karde\u015f halk aras\u0131ndaki karde\u015f\u00e7e ve tarihi ili\u015fkilerin g\u00fcc\u00fcn\u00fc vurgulad\u0131lar. El Hujeymi ise, iki halk\u0131 ve &hellip;<\/p>\n","protected":false},"author":1,"featured_media":0,"comment_status":"closed","ping_status":"closed","sticky":false,"template":"","format":"standard","meta":{"footnotes":""},"categories":[479,17988,478],"tags":[],"class_list":["post-259610","post","type-post","status-publish","format-standard","","category-haberler-yerel","category-son-haberler","category-yerel"],"_links":{"self":[{"href":"https:\/\/archive.sana.sy\/tr\/index.php?rest_route=\/wp\/v2\/posts\/259610","targetHints":{"allow":["GET"]}}],"collection":[{"href":"https:\/\/archive.sana.sy\/tr\/index.php?rest_route=\/wp\/v2\/posts"}],"about":[{"href":"https:\/\/archive.sana.sy\/tr\/index.php?rest_route=\/wp\/v2\/types\/post"}],"author":[{"embeddable":true,"href":"https:\/\/archive.sana.sy\/tr\/index.php?rest_route=\/wp\/v2\/users\/1"}],"replies":[{"embeddable":true,"href":"https:\/\/archive.sana.sy\/tr\/index.php?rest_route=%2Fwp%2Fv2%2Fcomments&post=259610"}],"version-history":[{"count":0,"href":"https:\/\/archive.sana.sy\/tr\/index.php?rest_route=\/wp\/v2\/posts\/259610\/revisions"}],"wp:attachment":[{"href":"https:\/\/archive.sana.sy\/tr\/index.php?rest_route=%2Fwp%2Fv2%2Fmedia&parent=259610"}],"wp:term":[{"taxonomy":"category","embeddable":true,"href":"https:\/\/archive.sana.sy\/tr\/index.php?rest_route=%2Fwp%2Fv2%2Fcategories&post=259610"},{"taxonomy":"post_tag","embeddable":true,"href":"https:\/\/archive.sana.sy\/tr\/index.php?rest_route=%2Fwp%2Fv2%2Ftags&post=259610"}],"curies":[{"name":"wp","href":"https:\/\/api.w.org\/{rel}","templated":true}]}}