{"id":259613,"date":"2022-07-26T23:33:56","date_gmt":"2022-07-26T20:33:56","guid":{"rendered":"http:\/\/107.6.182.27\/tr\/?p=259613"},"modified":"2022-07-28T08:23:31","modified_gmt":"2022-07-28T05:23:31","slug":"buyukelci-sabbag-batinin-isgal-varligina-destegi-ve-guvenlik-konseyinin-sessizligi-olmasaydi-israil-saldirilari-devam-edemezdi","status":"publish","type":"post","link":"https:\/\/archive.sana.sy\/tr\/?p=259613","title":{"rendered":"B\u00fcy\u00fckel\u00e7i Sabba\u011f: Bat\u0131&#8217;n\u0131n \u0130\u015fgal Varl\u0131\u011f\u0131na Deste\u011fi ve G\u00fcvenlik Konseyi&#8217;nin Sessizli\u011fi Olmasayd\u0131 \u0130srail Sald\u0131r\u0131lar\u0131 Devam Edemezdi"},"content":{"rendered":"<p style=\"text-align: justify;\">NEW YORK \u2013 Suriye&#8217;nin Birle\u015fmi\u015f Milletler Daimi Temsilcisi B\u00fcy\u00fckel\u00e7i Bassam Sabbagh, \u0130srail&#8217;in Arap topraklar\u0131na y\u00f6nelik sald\u0131r\u0131lar\u0131n\u0131n, i\u015fgal varl\u0131\u011f\u0131na Amerikan ve Bat\u0131 deste\u011fi ve onu uluslararas\u0131 hukuk ihlallerinden sorumlu tutulmaktan korumad\u0131\u011f\u0131 s\u00fcrece devam etmeyece\u011fini teyit etti.<\/p>\n<p style=\"text-align: justify;\">G\u00fcvenlik Konseyi&#8217;nin Ortado\u011fu&#8217;daki duruma ili\u015fkin bug\u00fcnk\u00fc oturumu s\u0131ras\u0131nda Sabba\u011f, \u201cKonsey bu madde \u00fczerinde her oturum d\u00fczenledi\u011finde, G\u00fcvenlik Konseyi&#8217;nden mutlak ve kabul edilemez bir sessizlik kar\u015f\u0131l\u0131\u011f\u0131nda, Suriye&#8217;de, i\u015fgal alt\u0131ndaki Filistin&#8217;de veya g\u00fcney L\u00fcbnan&#8217;da Arap halk\u0131na y\u00f6nelik yeni bir g\u00fcnahkar \u0130srail sald\u0131r\u0131s\u0131yla kar\u015f\u0131 kar\u015f\u0131ya kal\u0131yoruz. Bu sald\u0131r\u0131lar\u201d dedi.<\/p>\n<p style=\"text-align: justify;\">Sabba\u011f, \u0130srail&#8217;in bu sald\u0131r\u0131lar\u0131n\u0131n, ABD ve Bat\u0131l\u0131 \u00fclkelerin kurulu\u015fa sa\u011flad\u0131\u011f\u0131 koruma \u015femsiyesi sayesinde t\u0131rmand\u0131\u011f\u0131na ve bu \u015femsiyenin, ge\u00e7en ay\u0131n 10&#8217;unda sivillerin hayat\u0131n\u0131 tehlikeye atmaya ve havaalan\u0131n\u0131n birka\u00e7 hafta boyunca tamamen hizmet d\u0131\u015f\u0131 kalmas\u0131na neden olan \u015eam Uluslararas\u0131 Havaliman\u0131&#8217;na y\u00f6nelik sald\u0131rganl\u0131\u011f\u0131nda oldu\u011fu gibi, onu \u0131srar etmeye te\u015fvik etti\u011fine dikkat \u00e7ekti.<\/p>\n<p style=\"text-align: justify;\">Sabba\u011f, \u0130srail i\u015fgalinin daha fazla toprak ve m\u00fclk ele ge\u00e7irerek, do\u011fal kaynaklar\u0131 ve zenginlikleri ya\u011fmalayarak, yerle\u015fim planlar\u0131n\u0131 uygulayarak ve b\u00f6lgenin yasal ve demografik karakterini de\u011fi\u015ftirmeye y\u00f6nelik yasad\u0131\u015f\u0131 \u00f6nlemleri uygulayarak Suriye Golan&#8217;daki i\u015fgalini s\u00fcrd\u00fcrmek ve uzatmak i\u00e7in sald\u0131rgan uygulamalar\u0131n\u0131 s\u00fcrd\u00fcrd\u00fc\u011f\u00fcn\u00fc belirtti.<\/p>\n<p style=\"text-align: justify;\">Sabba\u011f, Suriye&#8217;nin G\u00fcvenlik Konseyi&#8217;ne sessizli\u011fini b\u0131rakmas\u0131 ve \u0130srail&#8217;in Arap topraklar\u0131n\u0131 i\u015fgalini sona erdirmek i\u00e7in acilen sorumluluklar\u0131n\u0131 \u00fcstlenmesi ve b\u00f6lgesel ve uluslararas\u0131 bar\u0131\u015f ve g\u00fcvenli\u011fin kar\u015f\u0131 kar\u015f\u0131ya oldu\u011fu tehditlerin d\u00fczeyini art\u0131ran ihlalleri ve sald\u0131rgan uygulamalar\u0131ndan yetkilileri sorumlu tutmas\u0131 y\u00f6n\u00fcndeki \u00e7a\u011fr\u0131s\u0131n\u0131 yineledi.<\/p>\n<p style=\"text-align: justify;\">Suriye\u2019nin daimi temsilcisi, Suriye&#8217;nin, hi\u00e7bir zamana\u015f\u0131m\u0131na tabi olmayan ebedi bir hak oldu\u011fu i\u00e7in, uluslararas\u0131 hukuk taraf\u0131ndan garanti edilen t\u00fcm yollarla i\u015fgal alt\u0131ndaki Suriye Golan&#8217;\u0131n\u0131 geri alma hakk\u0131na s\u0131k\u0131 s\u0131k\u0131ya ba\u011fl\u0131 oldu\u011funu vurgulad\u0131.<\/p>\n<p style=\"text-align: justify;\">P.M.<\/p>\n","protected":false},"excerpt":{"rendered":"<p>NEW YORK \u2013 Suriye&#8217;nin Birle\u015fmi\u015f Milletler Daimi Temsilcisi B\u00fcy\u00fckel\u00e7i Bassam Sabbagh, \u0130srail&#8217;in Arap topraklar\u0131na y\u00f6nelik sald\u0131r\u0131lar\u0131n\u0131n, i\u015fgal varl\u0131\u011f\u0131na Amerikan ve Bat\u0131 deste\u011fi ve onu uluslararas\u0131 hukuk ihlallerinden sorumlu tutulmaktan korumad\u0131\u011f\u0131 s\u00fcrece devam etmeyece\u011fini teyit etti. G\u00fcvenlik Konseyi&#8217;nin Ortado\u011fu&#8217;daki duruma ili\u015fkin bug\u00fcnk\u00fc oturumu s\u0131ras\u0131nda Sabba\u011f, \u201cKonsey bu madde \u00fczerinde her oturum d\u00fczenledi\u011finde, G\u00fcvenlik Konseyi&#8217;nden mutlak ve &hellip;<\/p>\n","protected":false},"author":1,"featured_media":0,"comment_status":"closed","ping_status":"closed","sticky":false,"template":"","format":"standard","meta":{"footnotes":""},"categories":[458,459,17988],"tags":[],"class_list":["post-259613","post","type-post","status-publish","format-standard","","category-dunya1","category-haberler-arap-uluslararasi-politika","category-son-haberler"],"_links":{"self":[{"href":"https:\/\/archive.sana.sy\/tr\/index.php?rest_route=\/wp\/v2\/posts\/259613","targetHints":{"allow":["GET"]}}],"collection":[{"href":"https:\/\/archive.sana.sy\/tr\/index.php?rest_route=\/wp\/v2\/posts"}],"about":[{"href":"https:\/\/archive.sana.sy\/tr\/index.php?rest_route=\/wp\/v2\/types\/post"}],"author":[{"embeddable":true,"href":"https:\/\/archive.sana.sy\/tr\/index.php?rest_route=\/wp\/v2\/users\/1"}],"replies":[{"embeddable":true,"href":"https:\/\/archive.sana.sy\/tr\/index.php?rest_route=%2Fwp%2Fv2%2Fcomments&post=259613"}],"version-history":[{"count":0,"href":"https:\/\/archive.sana.sy\/tr\/index.php?rest_route=\/wp\/v2\/posts\/259613\/revisions"}],"wp:attachment":[{"href":"https:\/\/archive.sana.sy\/tr\/index.php?rest_route=%2Fwp%2Fv2%2Fmedia&parent=259613"}],"wp:term":[{"taxonomy":"category","embeddable":true,"href":"https:\/\/archive.sana.sy\/tr\/index.php?rest_route=%2Fwp%2Fv2%2Fcategories&post=259613"},{"taxonomy":"post_tag","embeddable":true,"href":"https:\/\/archive.sana.sy\/tr\/index.php?rest_route=%2Fwp%2Fv2%2Ftags&post=259613"}],"curies":[{"name":"wp","href":"https:\/\/api.w.org\/{rel}","templated":true}]}}