{"id":259624,"date":"2022-07-27T08:36:16","date_gmt":"2022-07-27T05:36:16","guid":{"rendered":"http:\/\/107.6.182.27\/tr\/?p=259624"},"modified":"2022-07-28T08:34:24","modified_gmt":"2022-07-28T05:34:24","slug":"suriye-arap-ordusu-turk-rejiminin-olasi-herhangi-bir-saldirganligina-karsi-koymaya-hazir-oldugunu-teyit-etti","status":"publish","type":"post","link":"https:\/\/archive.sana.sy\/tr\/?p=259624","title":{"rendered":"Suriye Arap Ordusu, T\u00fcrk rejiminin olas\u0131 herhangi bir sald\u0131rganl\u0131\u011f\u0131na kar\u015f\u0131 koymaya haz\u0131r oldu\u011funu teyit etti"},"content":{"rendered":"<p>\u015eAM \u2013 Ordu ve Silahl\u0131 Kuvvetler Genel Komutanl\u0131\u011f\u0131, Suriye Arap Ordusunun, T\u00fcrk rejiminin Suriye Arap Cumhuriyeti topraklar\u0131nda olas\u0131 herhangi bir sald\u0131rganl\u0131\u011f\u0131na kar\u015f\u0131 koymaya tamamen haz\u0131r oldu\u011funu teyit etti.<\/p>\n<p>Askeri bir kaynak SANA&#8217;ya yapt\u0131\u011f\u0131 a\u00e7\u0131klamada, &#8220;T\u00fcrk rejiminin son iki g\u00fcnd\u00fcr Suriye topraklar\u0131nda uygulad\u0131\u011f\u0131 provokasyonlar\u0131n ve farkl\u0131 b\u00f6lgelere ve bir dizi silahl\u0131 kuvvetlerimize ait noktalara y\u00f6nelik sald\u0131r\u0131lar\u0131n yo\u011funla\u015fmas\u0131yla, yi\u011fit ordumuzun bu rejimin ve ter\u00f6r \u00f6rg\u00fctlerinin olas\u0131 her t\u00fcrl\u00fc sald\u0131r\u0131s\u0131na kar\u015f\u0131 koymaya haz\u0131r oldu\u011funu teyit ediyoruz\u201d dedi.<\/p>\n<p><span style=\"color: #0000ff;\"><a class=\"oajrlxb2 g5ia77u1 qu0x051f esr5mh6w e9989ue4 r7d6kgcz rq0escxv nhd2j8a9 nc684nl6 p7hjln8o kvgmc6g5 cxmmr5t8 oygrvhab hcukyx3x jb3vyjys rz4wbd8a qt6c0cv9 a8nywdso i1ao9s8h esuyzwwr f1sip0of lzcic4wl gpro0wi8 q66pz984 b1v8xokw\" style=\"color: #0000ff;\" tabindex=\"0\" role=\"link\" href=\"https:\/\/www.facebook.com\/hashtag\/telegram_kanal%C4%B1m%C4%B1z?__eep__=6&amp;__cft__[0]=AZWWG0JTaaev47Y0wTLTiD8D15K5RwFMAIYdwas7O6NrFVAA3r65ElZ1CDF6BtPjJ5afAErl_n_pEQcnCxH4YKZJfk8hOeDxWuUpYDom05bOTHv0C4o_g3Y5bIq_-kXmlLMOimr8Y0nQewRRsHqWYgpwmLdcSe7jgfPh2iUU6AiSyg&amp;__tn__=*NK-R\">#Telegram_Kanal\u0131m\u0131z<\/a>:\u00a0<a class=\"oajrlxb2 g5ia77u1 qu0x051f esr5mh6w e9989ue4 r7d6kgcz rq0escxv nhd2j8a9 nc684nl6 p7hjln8o kvgmc6g5 cxmmr5t8 oygrvhab hcukyx3x jb3vyjys rz4wbd8a qt6c0cv9 a8nywdso i1ao9s8h esuyzwwr f1sip0of lzcic4wl gpro0wi8 py34i1dx\" style=\"color: #0000ff;\" tabindex=\"0\" role=\"link\" href=\"https:\/\/l.facebook.com\/l.php?u=https%3A%2F%2Ft.me%2FSuriyeArapHaberAjans%3Ffbclid%3DIwAR0GCtt1NCofqmJSbOdzfueHmV8aQNQcGO0H7Z_sINg_nPYRdEKzaK4e3So&amp;h=AT2kOexckLxu3oYDlScINUbB3LO_7hptpOBk4BxMeHsBvLlJWhJZaQTGzah_ttsgWdW3GSptyAIq56lOvvzRN0-GZvG8-P5BeaBwGUGaYz_kjO79oR3koMjupgWSQ4-6wZM&amp;__tn__=-UK-R&amp;c[0]=AT0phlXLvKx-qTngpE_0Aac_PUPCj_Re0FqG0NUEuFyq7zV8u0WCYXa_8TwthBQz9UR49jA0FSN14IblYyh_ArjcHSE1KEi5We3m9_GbhByJL2gjxBG0duoefXK-qNte_PGKQnM68htX3fijn2C-5qPeC2zuLywd5cGD3bTADTgvwKJ7smpGHV0QkBZVdjn8zE0F8fxs\" target=\"_blank\" rel=\"nofollow noopener\">https:\/\/t.me\/SuriyeArapHaberAjans<\/a><\/span><\/p>\n<p>&nbsp;<\/p>\n","protected":false},"excerpt":{"rendered":"<p>\u015eAM \u2013 Ordu ve Silahl\u0131 Kuvvetler Genel Komutanl\u0131\u011f\u0131, Suriye Arap Ordusunun, T\u00fcrk rejiminin Suriye Arap Cumhuriyeti topraklar\u0131nda olas\u0131 herhangi bir sald\u0131rganl\u0131\u011f\u0131na kar\u015f\u0131 koymaya tamamen haz\u0131r oldu\u011funu teyit etti. Askeri bir kaynak SANA&#8217;ya yapt\u0131\u011f\u0131 a\u00e7\u0131klamada, &#8220;T\u00fcrk rejiminin son iki g\u00fcnd\u00fcr Suriye topraklar\u0131nda uygulad\u0131\u011f\u0131 provokasyonlar\u0131n ve farkl\u0131 b\u00f6lgelere ve bir dizi silahl\u0131 kuvvetlerimize ait noktalara y\u00f6nelik sald\u0131r\u0131lar\u0131n &hellip;<\/p>\n","protected":false},"author":36,"featured_media":259625,"comment_status":"closed","ping_status":"closed","sticky":false,"template":"","format":"standard","meta":{"footnotes":""},"categories":[479,17988,478],"tags":[],"class_list":["post-259624","post","type-post","status-publish","format-standard","has-post-thumbnail","","category-haberler-yerel","category-son-haberler","category-yerel"],"_links":{"self":[{"href":"https:\/\/archive.sana.sy\/tr\/index.php?rest_route=\/wp\/v2\/posts\/259624","targetHints":{"allow":["GET"]}}],"collection":[{"href":"https:\/\/archive.sana.sy\/tr\/index.php?rest_route=\/wp\/v2\/posts"}],"about":[{"href":"https:\/\/archive.sana.sy\/tr\/index.php?rest_route=\/wp\/v2\/types\/post"}],"author":[{"embeddable":true,"href":"https:\/\/archive.sana.sy\/tr\/index.php?rest_route=\/wp\/v2\/users\/36"}],"replies":[{"embeddable":true,"href":"https:\/\/archive.sana.sy\/tr\/index.php?rest_route=%2Fwp%2Fv2%2Fcomments&post=259624"}],"version-history":[{"count":0,"href":"https:\/\/archive.sana.sy\/tr\/index.php?rest_route=\/wp\/v2\/posts\/259624\/revisions"}],"wp:featuredmedia":[{"embeddable":true,"href":"https:\/\/archive.sana.sy\/tr\/index.php?rest_route=\/wp\/v2\/media\/259625"}],"wp:attachment":[{"href":"https:\/\/archive.sana.sy\/tr\/index.php?rest_route=%2Fwp%2Fv2%2Fmedia&parent=259624"}],"wp:term":[{"taxonomy":"category","embeddable":true,"href":"https:\/\/archive.sana.sy\/tr\/index.php?rest_route=%2Fwp%2Fv2%2Fcategories&post=259624"},{"taxonomy":"post_tag","embeddable":true,"href":"https:\/\/archive.sana.sy\/tr\/index.php?rest_route=%2Fwp%2Fv2%2Ftags&post=259624"}],"curies":[{"name":"wp","href":"https:\/\/api.w.org\/{rel}","templated":true}]}}