{"id":259629,"date":"2022-07-27T09:45:23","date_gmt":"2022-07-27T06:45:23","guid":{"rendered":"http:\/\/107.6.182.27\/tr\/?p=259629"},"modified":"2022-07-28T08:24:44","modified_gmt":"2022-07-28T05:24:44","slug":"mecdeddin-gazal-soderhamn-forumdaki-yuksek-atlamada-birinci-oldu","status":"publish","type":"post","link":"https:\/\/archive.sana.sy\/tr\/?p=259629","title":{"rendered":"Mecdeddin Gazal, S\u00f6derhamn Forum&#8217;daki Y\u00fcksek Atlamada Birinci Oldu"},"content":{"rendered":"<p>STOCKHOLM &#8211; Suriye milli atletizm tak\u0131m\u0131n\u0131n oyuncusu Mecdeddin Gazal, D\u00fcnya Atletizm Turu kapsam\u0131nda \u0130sve\u00e7 S\u00f6derhamn Forum&#8217;da y\u00fcksek atlama yar\u0131\u015fmas\u0131nda birincili\u011fi elde etti.<\/p>\n<p>Gazal bu forumda 220 cm y\u00fcksekli\u011fe atlayarak yeni bir rekora imza att\u0131ktan sonra birinci oldu.<\/p>\n<p>Cezayir&#8217;in Oran kentinde d\u00fczenlenen son Akdeniz Oyunlar\u0131&#8217;nda y\u00fcksek atlama yar\u0131\u015fmas\u0131nda Gazal 222 cm&#8217;lik atlama ile g\u00fcm\u00fc\u015f madalya kazanm\u0131\u015ft\u0131.<\/p>\n<p><span style=\"color: #0000ff;\"><a class=\"oajrlxb2 g5ia77u1 qu0x051f esr5mh6w e9989ue4 r7d6kgcz rq0escxv nhd2j8a9 nc684nl6 p7hjln8o kvgmc6g5 cxmmr5t8 oygrvhab hcukyx3x jb3vyjys rz4wbd8a qt6c0cv9 a8nywdso i1ao9s8h esuyzwwr f1sip0of lzcic4wl gpro0wi8 q66pz984 b1v8xokw\" style=\"color: #0000ff;\" tabindex=\"0\" role=\"link\" href=\"https:\/\/www.facebook.com\/hashtag\/telegram_kanal%C4%B1m%C4%B1z?__eep__=6&amp;__cft__[0]=AZWWG0JTaaev47Y0wTLTiD8D15K5RwFMAIYdwas7O6NrFVAA3r65ElZ1CDF6BtPjJ5afAErl_n_pEQcnCxH4YKZJfk8hOeDxWuUpYDom05bOTHv0C4o_g3Y5bIq_-kXmlLMOimr8Y0nQewRRsHqWYgpwmLdcSe7jgfPh2iUU6AiSyg&amp;__tn__=*NK-R\">#Telegram_Kanal\u0131m\u0131z<\/a>:\u00a0<a class=\"oajrlxb2 g5ia77u1 qu0x051f esr5mh6w e9989ue4 r7d6kgcz rq0escxv nhd2j8a9 nc684nl6 p7hjln8o kvgmc6g5 cxmmr5t8 oygrvhab hcukyx3x jb3vyjys rz4wbd8a qt6c0cv9 a8nywdso i1ao9s8h esuyzwwr f1sip0of lzcic4wl gpro0wi8 py34i1dx\" style=\"color: #0000ff;\" tabindex=\"0\" role=\"link\" href=\"https:\/\/l.facebook.com\/l.php?u=https%3A%2F%2Ft.me%2FSuriyeArapHaberAjans%3Ffbclid%3DIwAR0GCtt1NCofqmJSbOdzfueHmV8aQNQcGO0H7Z_sINg_nPYRdEKzaK4e3So&amp;h=AT2kOexckLxu3oYDlScINUbB3LO_7hptpOBk4BxMeHsBvLlJWhJZaQTGzah_ttsgWdW3GSptyAIq56lOvvzRN0-GZvG8-P5BeaBwGUGaYz_kjO79oR3koMjupgWSQ4-6wZM&amp;__tn__=-UK-R&amp;c[0]=AT0phlXLvKx-qTngpE_0Aac_PUPCj_Re0FqG0NUEuFyq7zV8u0WCYXa_8TwthBQz9UR49jA0FSN14IblYyh_ArjcHSE1KEi5We3m9_GbhByJL2gjxBG0duoefXK-qNte_PGKQnM68htX3fijn2C-5qPeC2zuLywd5cGD3bTADTgvwKJ7smpGHV0QkBZVdjn8zE0F8fxs\" target=\"_blank\" rel=\"nofollow noopener\">https:\/\/t.me\/SuriyeArapHaberAjans<\/a><\/span><\/p>\n","protected":false},"excerpt":{"rendered":"<p>STOCKHOLM &#8211; Suriye milli atletizm tak\u0131m\u0131n\u0131n oyuncusu Mecdeddin Gazal, D\u00fcnya Atletizm Turu kapsam\u0131nda \u0130sve\u00e7 S\u00f6derhamn Forum&#8217;da y\u00fcksek atlama yar\u0131\u015fmas\u0131nda birincili\u011fi elde etti. Gazal bu forumda 220 cm y\u00fcksekli\u011fe atlayarak yeni bir rekora imza att\u0131ktan sonra birinci oldu. Cezayir&#8217;in Oran kentinde d\u00fczenlenen son Akdeniz Oyunlar\u0131&#8217;nda y\u00fcksek atlama yar\u0131\u015fmas\u0131nda Gazal 222 cm&#8217;lik atlama ile g\u00fcm\u00fc\u015f madalya kazanm\u0131\u015ft\u0131. &hellip;<\/p>\n","protected":false},"author":36,"featured_media":259630,"comment_status":"closed","ping_status":"closed","sticky":false,"template":"","format":"standard","meta":{"footnotes":""},"categories":[498,17988,496],"tags":[],"class_list":["post-259629","post","type-post","status-publish","format-standard","has-post-thumbnail","","category-dunya-turnuvalari","category-son-haberler","category-spor"],"_links":{"self":[{"href":"https:\/\/archive.sana.sy\/tr\/index.php?rest_route=\/wp\/v2\/posts\/259629","targetHints":{"allow":["GET"]}}],"collection":[{"href":"https:\/\/archive.sana.sy\/tr\/index.php?rest_route=\/wp\/v2\/posts"}],"about":[{"href":"https:\/\/archive.sana.sy\/tr\/index.php?rest_route=\/wp\/v2\/types\/post"}],"author":[{"embeddable":true,"href":"https:\/\/archive.sana.sy\/tr\/index.php?rest_route=\/wp\/v2\/users\/36"}],"replies":[{"embeddable":true,"href":"https:\/\/archive.sana.sy\/tr\/index.php?rest_route=%2Fwp%2Fv2%2Fcomments&post=259629"}],"version-history":[{"count":0,"href":"https:\/\/archive.sana.sy\/tr\/index.php?rest_route=\/wp\/v2\/posts\/259629\/revisions"}],"wp:featuredmedia":[{"embeddable":true,"href":"https:\/\/archive.sana.sy\/tr\/index.php?rest_route=\/wp\/v2\/media\/259630"}],"wp:attachment":[{"href":"https:\/\/archive.sana.sy\/tr\/index.php?rest_route=%2Fwp%2Fv2%2Fmedia&parent=259629"}],"wp:term":[{"taxonomy":"category","embeddable":true,"href":"https:\/\/archive.sana.sy\/tr\/index.php?rest_route=%2Fwp%2Fv2%2Fcategories&post=259629"},{"taxonomy":"post_tag","embeddable":true,"href":"https:\/\/archive.sana.sy\/tr\/index.php?rest_route=%2Fwp%2Fv2%2Ftags&post=259629"}],"curies":[{"name":"wp","href":"https:\/\/api.w.org\/{rel}","templated":true}]}}