{"id":259652,"date":"2022-07-27T11:46:18","date_gmt":"2022-07-27T08:46:18","guid":{"rendered":"http:\/\/107.6.182.27\/tr\/?p=259652"},"modified":"2022-07-28T08:24:55","modified_gmt":"2022-07-28T05:24:55","slug":"haseke-kirsalinda-abd-isgal-ussu-roketli-fuzelerle-hedef-alindi-2","status":"publish","type":"post","link":"https:\/\/archive.sana.sy\/tr\/?p=259652","title":{"rendered":"Haseke K\u0131rsal\u0131nda ABD \u0130\u015fgal \u00dcss\u00fc Roketli F\u00fczelerle Hedef Al\u0131nd\u0131"},"content":{"rendered":"<p>HASEKE \u2013 Haseke k\u0131rsal\u0131n\u0131n g\u00fcneyinde yer alan El \u015eeddadi kentindeki yasad\u0131\u015f\u0131 ABD i\u015fgal \u00fcss\u00fc birka\u00e7 roket mermisiyle hedef al\u0131nd\u0131.<\/p>\n<p>Yerel kaynaklar SANA muhabirine, &#8220;bilinmeyen ki\u015filerce, Haseke&#8217;nin g\u00fcneyindeki El \u015eeddadi kentindeki yasad\u0131\u015f\u0131 ABD i\u015fgal \u00fcss\u00fcn\u00fc bir dizi roketle hedef ald\u0131, bunlardan biri \u00fcss\u00fcn i\u00e7ine ve geri kalan\u0131 da civar\u0131nda d\u00fc\u015ft\u00fc&#8221; dedi.<\/p>\n<p>Kaynaklar, \u015fehir ve \u00e7evredekilerin duydu\u011fu y\u00fcksek sesli patlamalar\u0131n i\u015fgal \u00fcss\u00fcn\u00fc hedef alan sald\u0131r\u0131dan kaynakland\u0131\u011f\u0131n\u0131 belirtti.<\/p>\n<p><a class=\"oajrlxb2 g5ia77u1 qu0x051f esr5mh6w e9989ue4 r7d6kgcz rq0escxv nhd2j8a9 nc684nl6 p7hjln8o kvgmc6g5 cxmmr5t8 oygrvhab hcukyx3x jb3vyjys rz4wbd8a qt6c0cv9 a8nywdso i1ao9s8h esuyzwwr f1sip0of lzcic4wl gpro0wi8 q66pz984 b1v8xokw\" tabindex=\"0\" role=\"link\" href=\"https:\/\/www.facebook.com\/hashtag\/telegram_kanal%C4%B1m%C4%B1z?__eep__=6&amp;__cft__[0]=AZWkslvl2Wy_gAS76q78JxhX2ncRePVXNvam4MBGERNMhIDAxEC7f8QS6ZQRRvaZ1BJ0o8lf_XzB49I-edIlUZDuT7zvxVSMtbVEiWPfKYvWJVuu6YQIVziYUKsTgVnbQ6QtlUMGOVbEjoXJooEKKp04&amp;__tn__=*NK-R\">#Telegram_Kanal\u0131m\u0131z<\/a>:\u00a0<a class=\"oajrlxb2 g5ia77u1 qu0x051f esr5mh6w e9989ue4 r7d6kgcz rq0escxv nhd2j8a9 nc684nl6 p7hjln8o kvgmc6g5 cxmmr5t8 oygrvhab hcukyx3x jb3vyjys rz4wbd8a qt6c0cv9 a8nywdso i1ao9s8h esuyzwwr f1sip0of lzcic4wl gpro0wi8 py34i1dx\" tabindex=\"0\" role=\"link\" href=\"https:\/\/l.facebook.com\/l.php?u=https%3A%2F%2Ft.me%2FSuriyeArapHaberAjans%3Ffbclid%3DIwAR3vTTJpIpoyVKhyrJEfGP4nCAO9m-3eGdsnG7VaXdw-nbUfDuh9AJt_f0k&amp;h=AT3f9DnDyJPFnCc2TtCfoAU8kCCm-X2iHR7fnERR19vVMsufO5wzA2VXI-3rVv8Xwjgc1J2jt8G-fv6NgRPE8V6eSY9EPuskY-g_G5PzYW5o_RjZkaQLrTJoYhPTL-P7AK4&amp;__tn__=-UK-R&amp;c[0]=AT2M1E6xyEkG9FZFj7OBylbQ2B2EveE5asAFRAVonfgBocn0_gdLRIjdSdP-9xJMz-sixNHFmYwqJvg2GpH0KXmadEBc5jNLbfpxzD595RHLPTyl5jHyipcG94qvzcfU6oEu8u5FbiRQLAEs3baBirQjlGapizCNEc12EmRu57YXWQ\" target=\"_blank\" rel=\"nofollow noopener\">https:\/\/t.me\/SuriyeArapHaberAjans<\/a><\/p>\n","protected":false},"excerpt":{"rendered":"<p>HASEKE \u2013 Haseke k\u0131rsal\u0131n\u0131n g\u00fcneyinde yer alan El \u015eeddadi kentindeki yasad\u0131\u015f\u0131 ABD i\u015fgal \u00fcss\u00fc birka\u00e7 roket mermisiyle hedef al\u0131nd\u0131. Yerel kaynaklar SANA muhabirine, &#8220;bilinmeyen ki\u015filerce, Haseke&#8217;nin g\u00fcneyindeki El \u015eeddadi kentindeki yasad\u0131\u015f\u0131 ABD i\u015fgal \u00fcss\u00fcn\u00fc bir dizi roketle hedef ald\u0131, bunlardan biri \u00fcss\u00fcn i\u00e7ine ve geri kalan\u0131 da civar\u0131nda d\u00fc\u015ft\u00fc&#8221; dedi. Kaynaklar, \u015fehir ve \u00e7evredekilerin duydu\u011fu &hellip;<\/p>\n","protected":false},"author":36,"featured_media":259653,"comment_status":"closed","ping_status":"closed","sticky":false,"template":"","format":"standard","meta":{"footnotes":""},"categories":[479,575,17988,478],"tags":[],"class_list":["post-259652","post","type-post","status-publish","format-standard","has-post-thumbnail","","category-haberler-yerel","category-olaylar-ve-gercekler","category-son-haberler","category-yerel"],"_links":{"self":[{"href":"https:\/\/archive.sana.sy\/tr\/index.php?rest_route=\/wp\/v2\/posts\/259652","targetHints":{"allow":["GET"]}}],"collection":[{"href":"https:\/\/archive.sana.sy\/tr\/index.php?rest_route=\/wp\/v2\/posts"}],"about":[{"href":"https:\/\/archive.sana.sy\/tr\/index.php?rest_route=\/wp\/v2\/types\/post"}],"author":[{"embeddable":true,"href":"https:\/\/archive.sana.sy\/tr\/index.php?rest_route=\/wp\/v2\/users\/36"}],"replies":[{"embeddable":true,"href":"https:\/\/archive.sana.sy\/tr\/index.php?rest_route=%2Fwp%2Fv2%2Fcomments&post=259652"}],"version-history":[{"count":0,"href":"https:\/\/archive.sana.sy\/tr\/index.php?rest_route=\/wp\/v2\/posts\/259652\/revisions"}],"wp:featuredmedia":[{"embeddable":true,"href":"https:\/\/archive.sana.sy\/tr\/index.php?rest_route=\/wp\/v2\/media\/259653"}],"wp:attachment":[{"href":"https:\/\/archive.sana.sy\/tr\/index.php?rest_route=%2Fwp%2Fv2%2Fmedia&parent=259652"}],"wp:term":[{"taxonomy":"category","embeddable":true,"href":"https:\/\/archive.sana.sy\/tr\/index.php?rest_route=%2Fwp%2Fv2%2Fcategories&post=259652"},{"taxonomy":"post_tag","embeddable":true,"href":"https:\/\/archive.sana.sy\/tr\/index.php?rest_route=%2Fwp%2Fv2%2Ftags&post=259652"}],"curies":[{"name":"wp","href":"https:\/\/api.w.org\/{rel}","templated":true}]}}