{"id":259655,"date":"2022-07-27T11:48:43","date_gmt":"2022-07-27T08:48:43","guid":{"rendered":"http:\/\/107.6.182.27\/tr\/?p=259655"},"modified":"2022-07-28T09:00:08","modified_gmt":"2022-07-28T06:00:08","slug":"donbassi-korumak-icin-rusya-ozel-askeri-operasyonunun-gelismeleri-2","status":"publish","type":"post","link":"https:\/\/archive.sana.sy\/tr\/?p=259655","title":{"rendered":"Donbass\u2019\u0131 Korumak \u0130\u00e7in Rusya \u00d6zel Askeri Operasyonunun Geli\u015fmeleri"},"content":{"rendered":"<ul>\n<li>Donetsk makamlar\u0131: Ukrayna kuvvetleri Petrovsky b\u00f6lgesini f\u00fczelerle bombalad\u0131<\/li>\n<\/ul>\n<p><span style=\"color: #0000ff;\"><a class=\"oajrlxb2 g5ia77u1 qu0x051f esr5mh6w e9989ue4 r7d6kgcz rq0escxv nhd2j8a9 nc684nl6 p7hjln8o kvgmc6g5 cxmmr5t8 oygrvhab hcukyx3x jb3vyjys rz4wbd8a qt6c0cv9 a8nywdso i1ao9s8h esuyzwwr f1sip0of lzcic4wl gpro0wi8 q66pz984 b1v8xokw\" style=\"color: #0000ff;\" tabindex=\"0\" role=\"link\" href=\"https:\/\/www.facebook.com\/hashtag\/telegram_kanal%C4%B1m%C4%B1z?__eep__=6&amp;__cft__[0]=AZWWG0JTaaev47Y0wTLTiD8D15K5RwFMAIYdwas7O6NrFVAA3r65ElZ1CDF6BtPjJ5afAErl_n_pEQcnCxH4YKZJfk8hOeDxWuUpYDom05bOTHv0C4o_g3Y5bIq_-kXmlLMOimr8Y0nQewRRsHqWYgpwmLdcSe7jgfPh2iUU6AiSyg&amp;__tn__=*NK-R\">#Telegram_Kanal\u0131m\u0131z<\/a>: <a class=\"oajrlxb2 g5ia77u1 qu0x051f esr5mh6w e9989ue4 r7d6kgcz rq0escxv nhd2j8a9 nc684nl6 p7hjln8o kvgmc6g5 cxmmr5t8 oygrvhab hcukyx3x jb3vyjys rz4wbd8a qt6c0cv9 a8nywdso i1ao9s8h esuyzwwr f1sip0of lzcic4wl gpro0wi8 py34i1dx\" style=\"color: #0000ff;\" tabindex=\"0\" role=\"link\" href=\"https:\/\/l.facebook.com\/l.php?u=https%3A%2F%2Ft.me%2FSuriyeArapHaberAjans%3Ffbclid%3DIwAR0GCtt1NCofqmJSbOdzfueHmV8aQNQcGO0H7Z_sINg_nPYRdEKzaK4e3So&amp;h=AT2kOexckLxu3oYDlScINUbB3LO_7hptpOBk4BxMeHsBvLlJWhJZaQTGzah_ttsgWdW3GSptyAIq56lOvvzRN0-GZvG8-P5BeaBwGUGaYz_kjO79oR3koMjupgWSQ4-6wZM&amp;__tn__=-UK-R&amp;c[0]=AT0phlXLvKx-qTngpE_0Aac_PUPCj_Re0FqG0NUEuFyq7zV8u0WCYXa_8TwthBQz9UR49jA0FSN14IblYyh_ArjcHSE1KEi5We3m9_GbhByJL2gjxBG0duoefXK-qNte_PGKQnM68htX3fijn2C-5qPeC2zuLywd5cGD3bTADTgvwKJ7smpGHV0QkBZVdjn8zE0F8fxs\" target=\"_blank\" rel=\"nofollow noopener\">https:\/\/t.me\/SuriyeArapHaberAjans<\/a><\/span><\/p>\n","protected":false},"excerpt":{"rendered":"<p>Donetsk makamlar\u0131: Ukrayna kuvvetleri Petrovsky b\u00f6lgesini f\u00fczelerle bombalad\u0131 #Telegram_Kanal\u0131m\u0131z: https:\/\/t.me\/SuriyeArapHaberAjans<\/p>\n","protected":false},"author":36,"featured_media":259657,"comment_status":"closed","ping_status":"closed","sticky":false,"template":"","format":"standard","meta":{"footnotes":""},"categories":[458,459,17988],"tags":[],"class_list":["post-259655","post","type-post","status-publish","format-standard","has-post-thumbnail","","category-dunya1","category-haberler-arap-uluslararasi-politika","category-son-haberler"],"_links":{"self":[{"href":"https:\/\/archive.sana.sy\/tr\/index.php?rest_route=\/wp\/v2\/posts\/259655","targetHints":{"allow":["GET"]}}],"collection":[{"href":"https:\/\/archive.sana.sy\/tr\/index.php?rest_route=\/wp\/v2\/posts"}],"about":[{"href":"https:\/\/archive.sana.sy\/tr\/index.php?rest_route=\/wp\/v2\/types\/post"}],"author":[{"embeddable":true,"href":"https:\/\/archive.sana.sy\/tr\/index.php?rest_route=\/wp\/v2\/users\/36"}],"replies":[{"embeddable":true,"href":"https:\/\/archive.sana.sy\/tr\/index.php?rest_route=%2Fwp%2Fv2%2Fcomments&post=259655"}],"version-history":[{"count":0,"href":"https:\/\/archive.sana.sy\/tr\/index.php?rest_route=\/wp\/v2\/posts\/259655\/revisions"}],"wp:featuredmedia":[{"embeddable":true,"href":"https:\/\/archive.sana.sy\/tr\/index.php?rest_route=\/wp\/v2\/media\/259657"}],"wp:attachment":[{"href":"https:\/\/archive.sana.sy\/tr\/index.php?rest_route=%2Fwp%2Fv2%2Fmedia&parent=259655"}],"wp:term":[{"taxonomy":"category","embeddable":true,"href":"https:\/\/archive.sana.sy\/tr\/index.php?rest_route=%2Fwp%2Fv2%2Fcategories&post=259655"},{"taxonomy":"post_tag","embeddable":true,"href":"https:\/\/archive.sana.sy\/tr\/index.php?rest_route=%2Fwp%2Fv2%2Ftags&post=259655"}],"curies":[{"name":"wp","href":"https:\/\/api.w.org\/{rel}","templated":true}]}}