{"id":259760,"date":"2022-07-29T23:45:36","date_gmt":"2022-07-29T20:45:36","guid":{"rendered":"http:\/\/107.6.182.27\/tr\/?p=259760"},"modified":"2022-07-31T08:14:21","modified_gmt":"2022-07-31T05:14:21","slug":"suriye-lubnan-urdun-ve-iraktan-ticaret-alisverisini-gelistirme-ve-tarim-urunlerini-pazarlamak-icin-ozel-bir-sirket-kurma-konusunda-anlasti","status":"publish","type":"post","link":"https:\/\/archive.sana.sy\/tr\/?p=259760","title":{"rendered":"Suriye, L\u00fcbnan, \u00dcrd\u00fcn Ve Irak&#8217;tan Ticaret Al\u0131\u015fveri\u015fini Geli\u015ftirme Ve Tar\u0131m \u00dcr\u00fcnlerini Pazarlamak \u0130\u00e7in \u00d6zel Bir \u015eirket Kurma Konusunda Anla\u015ft\u0131"},"content":{"rendered":"<p style=\"text-align: justify;\">BEYRUT &#8211; Suriye, L\u00fcbnan, \u00dcrd\u00fcn ve Irak&#8217;taki Tar\u0131m Bakanlar\u0131, daha sonra kabul edilecek tar\u0131m takvimine g\u00f6re kendi aralar\u0131nda tar\u0131m \u00fcr\u00fcnlerini pazarlamak i\u00e7in \u00e7al\u0131\u015fan \u00f6zel bir ortak \u015firket kurma olas\u0131l\u0131\u011f\u0131na ili\u015fkin belge al\u0131\u015fveri\u015finde bulunarak d\u00f6rt \u00fclke aras\u0131ndaki ticaret al\u0131\u015fveri\u015fini geli\u015ftirme veya tar\u0131msal birlikler aras\u0131nda ortak pazarlama dernekleri ve onlardan devlet deste\u011fi kurulmas\u0131 konusunda anla\u015ft\u0131.<\/p>\n<p style=\"text-align: justify;\">Suriye Tar\u0131m Bakan\u0131 M\u00fch. Muhammed Hassan Katana, L\u00fcbnanl\u0131 Bakan Dr. Abbas Al Hac Hasan, Irakl\u0131 M\u00fchendis Muhammed Kerim Al Haffaci ve \u00dcrd\u00fcnl\u00fc M\u00fchendis Halid Al Huneyfat, Beyrut&#8217;taki d\u00f6rtl\u00fc toplant\u0131lar\u0131n\u0131n \u00e7al\u0131\u015fmalar\u0131 hakk\u0131nda bug\u00fcn yay\u0131nlanan nihai a\u00e7\u0131klamada, d\u00f6rt \u00fclke aras\u0131nda uluslararas\u0131 standartlara dayal\u0131 bitki sa\u011fl\u0131\u011f\u0131 ve veteriner sa\u011fl\u0131\u011f\u0131 sertifikalar\u0131 i\u00e7in birle\u015fik modeller geli\u015ftirmenin ve vak\u0131flar i\u00e7in ayr\u0131nt\u0131l\u0131 d\u00fczenlemelerin ve her birinin verilmesine ili\u015fkin kriterlerin geli\u015ftirilmesi gerekti\u011fini vurgulad\u0131.<\/p>\n<p style=\"text-align: justify;\">Bakanlar, Suriye taraf\u0131 taraf\u0131ndan sunulan mutabakat zapt\u0131 taslaklar\u0131n\u0131n, her \u00fclkede izlenen d\u00fczenlemelere uygun olarak g\u00f6zden ge\u00e7irilecek ve yap\u0131lan yorumlar\u0131n, ortak \u00fclkelerin vizyonunu temsil edecek \u015fekilde yeniden d\u00fczenlenmesi ve ortak imzalanmas\u0131 i\u00e7in ilk belge olarak kabul edilmesi konusunda mutab\u0131k kald\u0131lar.<\/p>\n<p style=\"text-align: justify;\">Bakanlar, d\u00f6rt toplant\u0131 \u00fclkesi aras\u0131ndaki m\u00fczakerelere ve diyaloglara kat\u0131lmak isteyen di\u011fer Arap \u00fclkelerini Arap \u00fclkeleri aras\u0131ndaki koordinasyon, i\u015fbirli\u011fi ve ticaret al\u0131\u015fveri\u015finin ufuklar\u0131n\u0131 geni\u015fletmeye \u00e7a\u011f\u0131rd\u0131.<\/p>\n<p style=\"text-align: justify;\">Bakanlar, mallar\u0131n transit ve nakliyesi ile ilgili konular\u0131n ilgili makamlara havale edilmesi ve uygun olan\u0131n onaylanmas\u0131 ve bir sonraki toplant\u0131da kat\u0131l\u0131mc\u0131 \u00fclkelerdeki ula\u015ft\u0131rma bakanlar\u0131n\u0131n huzurunda onaylanacak \u015fekilde onaylanmas\u0131, pazarlama maliyetlerinin azalt\u0131lmas\u0131 ve \u00fclkeler aras\u0131nda de\u011fi\u015f toku\u015f edilen tar\u0131msal \u00fcr\u00fcn miktarlar\u0131n\u0131n artmas\u0131na karar verdiler.<\/p>\n<p style=\"text-align: justify;\">Bakanlar, hastal\u0131klar, s\u0131n\u0131r \u00f6tesi salg\u0131n hastal\u0131klar ve tar\u0131msal afetler hakk\u0131nda bilgi al\u0131\u015fveri\u015finde, bunlarla m\u00fccadele ve kontrol i\u00e7in ortak mekanizmalar\u0131n onaylanmas\u0131nda ve g\u00fcbre ve veteriner ila\u00e7lar\u0131n\u0131n tescili i\u00e7in prosed\u00fcrlerin birle\u015ftirilmesi olas\u0131l\u0131\u011f\u0131n\u0131n tart\u0131\u015f\u0131lmas\u0131nda ve her \u00fclkedeki yasa ve y\u00f6netmeliklerle uyumlu olarak neyin uygun ve neyin benimsendi\u011finin kabul edilmesinde tam koordinasyon konusunda anla\u015ft\u0131lar.<\/p>\n<p style=\"text-align: justify;\">Irak&#8217;ta yap\u0131lacak bir teknik toplant\u0131da onaylanmas\u0131 \u015fart\u0131yla, \u00fczerinde anla\u015f\u0131lan noktalar i\u00e7in \u00f6nerilen form\u00fclleri geli\u015ftirmek \u00fczere bir araya gelen \u00fclkeler aras\u0131nda ortak bir teknik komite olu\u015fturulmas\u0131 ve bir sonraki toplant\u0131da sunulabilmesi, tart\u0131\u015f\u0131lmas\u0131 ve uygun olanlar\u0131n onaylanmas\u0131 kararla\u015ft\u0131r\u0131ld\u0131.<\/p>\n<p style=\"text-align: justify;\">Bakanlar, her \u00fclke i\u00e7in tar\u0131m takviminin incelenmesini ve tar\u0131m \u00fcr\u00fcnlerinin g\u00f6receli ve rekabet\u00e7i avantajlar\u0131n\u0131n belirlenmesini ve Arap ve uluslararas\u0131 kurulu\u015flarla i\u015fbirli\u011fini ve koordinasyonu g\u00fc\u00e7lendirirken belirli zaman dilimleri ve miktarlar\u0131 i\u00e7inde olas\u0131 de\u011fi\u015fim f\u0131rsatlar\u0131n\u0131n belirlenmesini vurgulad\u0131lar ve organlar ve ilgili kurum ve fonlar ve onlar\u0131 \u00fclkeler aras\u0131nda b\u00f6lgesel projelerin uygulanmas\u0131 i\u00e7in gerekli finansman\u0131 kabul etmeye ve sa\u011flamaya \u00e7a\u011f\u0131r\u0131yor \u0130klim de\u011fi\u015fikli\u011finin tar\u0131m sekt\u00f6r\u00fc \u00fczerindeki etkilerine kar\u015f\u0131 koymak ve g\u0131da g\u00fcvenli\u011fini art\u0131rmak i\u00e7in birle\u015ftirildi.<\/p>\n<p style=\"text-align: justify;\">D\u00f6rt \u00fclkenin tar\u0131m bakanlar\u0131, tar\u0131m alan\u0131nda \u00e7al\u0131\u015fan uluslararas\u0131 ve Arap \u00f6rg\u00fctleri ve t\u00fcm \u00fclkelerde yat\u0131r\u0131m f\u0131rsatlar\u0131n\u0131 g\u00f6rmek isteyen yat\u0131r\u0131mc\u0131lar\u0131 davet etmek i\u00e7in bir sonraki toplant\u0131y\u0131 Eyl\u00fcl ay\u0131 i\u00e7inde yapmay\u0131 kabul etti.<\/p>\n","protected":false},"excerpt":{"rendered":"<p>BEYRUT &#8211; Suriye, L\u00fcbnan, \u00dcrd\u00fcn ve Irak&#8217;taki Tar\u0131m Bakanlar\u0131, daha sonra kabul edilecek tar\u0131m takvimine g\u00f6re kendi aralar\u0131nda tar\u0131m \u00fcr\u00fcnlerini pazarlamak i\u00e7in \u00e7al\u0131\u015fan \u00f6zel bir ortak \u015firket kurma olas\u0131l\u0131\u011f\u0131na ili\u015fkin belge al\u0131\u015fveri\u015finde bulunarak d\u00f6rt \u00fclke aras\u0131ndaki ticaret al\u0131\u015fveri\u015fini geli\u015ftirme veya tar\u0131msal birlikler aras\u0131nda ortak pazarlama dernekleri ve onlardan devlet deste\u011fi kurulmas\u0131 konusunda anla\u015ft\u0131. Suriye Tar\u0131m &hellip;<\/p>\n","protected":false},"author":1,"featured_media":259761,"comment_status":"closed","ping_status":"closed","sticky":false,"template":"","format":"standard","meta":{"footnotes":""},"categories":[458,459,17988],"tags":[],"class_list":["post-259760","post","type-post","status-publish","format-standard","has-post-thumbnail","","category-dunya1","category-haberler-arap-uluslararasi-politika","category-son-haberler"],"_links":{"self":[{"href":"https:\/\/archive.sana.sy\/tr\/index.php?rest_route=\/wp\/v2\/posts\/259760","targetHints":{"allow":["GET"]}}],"collection":[{"href":"https:\/\/archive.sana.sy\/tr\/index.php?rest_route=\/wp\/v2\/posts"}],"about":[{"href":"https:\/\/archive.sana.sy\/tr\/index.php?rest_route=\/wp\/v2\/types\/post"}],"author":[{"embeddable":true,"href":"https:\/\/archive.sana.sy\/tr\/index.php?rest_route=\/wp\/v2\/users\/1"}],"replies":[{"embeddable":true,"href":"https:\/\/archive.sana.sy\/tr\/index.php?rest_route=%2Fwp%2Fv2%2Fcomments&post=259760"}],"version-history":[{"count":0,"href":"https:\/\/archive.sana.sy\/tr\/index.php?rest_route=\/wp\/v2\/posts\/259760\/revisions"}],"wp:featuredmedia":[{"embeddable":true,"href":"https:\/\/archive.sana.sy\/tr\/index.php?rest_route=\/wp\/v2\/media\/259761"}],"wp:attachment":[{"href":"https:\/\/archive.sana.sy\/tr\/index.php?rest_route=%2Fwp%2Fv2%2Fmedia&parent=259760"}],"wp:term":[{"taxonomy":"category","embeddable":true,"href":"https:\/\/archive.sana.sy\/tr\/index.php?rest_route=%2Fwp%2Fv2%2Fcategories&post=259760"},{"taxonomy":"post_tag","embeddable":true,"href":"https:\/\/archive.sana.sy\/tr\/index.php?rest_route=%2Fwp%2Fv2%2Ftags&post=259760"}],"curies":[{"name":"wp","href":"https:\/\/api.w.org\/{rel}","templated":true}]}}