{"id":259766,"date":"2022-07-29T23:56:37","date_gmt":"2022-07-29T20:56:37","guid":{"rendered":"http:\/\/107.6.182.27\/tr\/?p=259766"},"modified":"2022-07-31T08:14:25","modified_gmt":"2022-07-31T05:14:25","slug":"arap-yazarlar-birligi-genel-sekreteri-suriyenin-yaninda-durmak-dogal-ve-dogru-olandir","status":"publish","type":"post","link":"https:\/\/archive.sana.sy\/tr\/?p=259766","title":{"rendered":"Arap Yazarlar Birli\u011fi Genel Sekreteri: Suriye&#8217;nin Yan\u0131nda Durmak Do\u011fal Ve Do\u011fru Oland\u0131r"},"content":{"rendered":"<p style=\"text-align: justify;\">\u015eAM &#8211; Arap Yazarlar Birli\u011fi Genel Sekreteri ve M\u0131s\u0131r Yazarlar Birli\u011fi Ba\u015fkan\u0131 Alaa Abdulhadi, Arap Ayd\u0131n ve Yazarlar Birli\u011fi Genel Sekreterli\u011fi toplant\u0131s\u0131 ba\u011flam\u0131nda Suriye&#8217;deki varl\u0131\u011f\u0131n\u0131 ve meslekta\u015flar\u0131n\u0131 tarihi olarak nitelendirerek, Suriye&#8217;nin sadece bir bulu\u015fma yeri de\u011fil, 13 sendika birlik ve direni\u015fini desteklemek ve ba\u015fta Siyonist varl\u0131kla normalle\u015fmeye kar\u015f\u0131 m\u00fccadele olmak \u00fczere vicdan ve Arap dayan\u0131\u015fmas\u0131 ilkelerini vurgulamak i\u00e7in geldi\u011fini belirtti.<\/p>\n<p style=\"text-align: justify;\">SANA&#8217;ya yapt\u0131\u011f\u0131 a\u00e7\u0131klamada Abdulhadi, toplant\u0131n\u0131n bir a\u00e7\u0131klama, ihbar ve k\u0131nama yay\u0131nlamakla s\u0131n\u0131rl\u0131 kalmayaca\u011f\u0131n\u0131, en \u00f6nemlisi ortak yay\u0131n ve etkile\u015fim i\u00e7in mekanizmalar ve planlar olu\u015fturmak olan uygulama a\u015famalar\u0131na ge\u00e7ece\u011fine dikkat \u00e7ekti.<\/p>\n<p style=\"text-align: justify;\">Abdulhadi, Arap yazar ve ayd\u0131nlar\u0131n\u0131n Suriye&#8217;yi ve Suriye&#8217;deki ve t\u00fcm Arap \u00fclkelerindeki direni\u015fi destekleyen tutumlar\u0131n\u0131 do\u011fal ve do\u011fru bir \u015fey olarak g\u00f6rd\u00fc\u011f\u00fcn\u00fc vurgulad\u0131.<\/p>\n","protected":false},"excerpt":{"rendered":"<p>\u015eAM &#8211; Arap Yazarlar Birli\u011fi Genel Sekreteri ve M\u0131s\u0131r Yazarlar Birli\u011fi Ba\u015fkan\u0131 Alaa Abdulhadi, Arap Ayd\u0131n ve Yazarlar Birli\u011fi Genel Sekreterli\u011fi toplant\u0131s\u0131 ba\u011flam\u0131nda Suriye&#8217;deki varl\u0131\u011f\u0131n\u0131 ve meslekta\u015flar\u0131n\u0131 tarihi olarak nitelendirerek, Suriye&#8217;nin sadece bir bulu\u015fma yeri de\u011fil, 13 sendika birlik ve direni\u015fini desteklemek ve ba\u015fta Siyonist varl\u0131kla normalle\u015fmeye kar\u015f\u0131 m\u00fccadele olmak \u00fczere vicdan ve Arap dayan\u0131\u015fmas\u0131 &hellip;<\/p>\n","protected":false},"author":1,"featured_media":259767,"comment_status":"closed","ping_status":"closed","sticky":false,"template":"","format":"standard","meta":{"footnotes":""},"categories":[516,479,511,17988,478],"tags":[],"class_list":["post-259766","post","type-post","status-publish","format-standard","has-post-thumbnail","","category-haberler-kultur-ve-sanat","category-haberler-yerel","category-kultur-ve-sanat","category-son-haberler","category-yerel"],"_links":{"self":[{"href":"https:\/\/archive.sana.sy\/tr\/index.php?rest_route=\/wp\/v2\/posts\/259766","targetHints":{"allow":["GET"]}}],"collection":[{"href":"https:\/\/archive.sana.sy\/tr\/index.php?rest_route=\/wp\/v2\/posts"}],"about":[{"href":"https:\/\/archive.sana.sy\/tr\/index.php?rest_route=\/wp\/v2\/types\/post"}],"author":[{"embeddable":true,"href":"https:\/\/archive.sana.sy\/tr\/index.php?rest_route=\/wp\/v2\/users\/1"}],"replies":[{"embeddable":true,"href":"https:\/\/archive.sana.sy\/tr\/index.php?rest_route=%2Fwp%2Fv2%2Fcomments&post=259766"}],"version-history":[{"count":0,"href":"https:\/\/archive.sana.sy\/tr\/index.php?rest_route=\/wp\/v2\/posts\/259766\/revisions"}],"wp:featuredmedia":[{"embeddable":true,"href":"https:\/\/archive.sana.sy\/tr\/index.php?rest_route=\/wp\/v2\/media\/259767"}],"wp:attachment":[{"href":"https:\/\/archive.sana.sy\/tr\/index.php?rest_route=%2Fwp%2Fv2%2Fmedia&parent=259766"}],"wp:term":[{"taxonomy":"category","embeddable":true,"href":"https:\/\/archive.sana.sy\/tr\/index.php?rest_route=%2Fwp%2Fv2%2Fcategories&post=259766"},{"taxonomy":"post_tag","embeddable":true,"href":"https:\/\/archive.sana.sy\/tr\/index.php?rest_route=%2Fwp%2Fv2%2Ftags&post=259766"}],"curies":[{"name":"wp","href":"https:\/\/api.w.org\/{rel}","templated":true}]}}