{"id":259772,"date":"2022-07-30T08:59:50","date_gmt":"2022-07-30T05:59:50","guid":{"rendered":"http:\/\/107.6.182.27\/tr\/?p=259772"},"modified":"2022-07-30T08:59:50","modified_gmt":"2022-07-30T05:59:50","slug":"suriye-ve-demokratik-kore-disisleri-56-yildir-ortak-iliskilerin-gucunu-dile-getirdi-2","status":"publish","type":"post","link":"https:\/\/archive.sana.sy\/tr\/?p=259772","title":{"rendered":"Suriye Ve Demokratik Kore D\u0131\u015fi\u015fleri, 56 Y\u0131ld\u0131r Ortak \u0130li\u015fkilerin G\u00fcc\u00fcn\u00fc Dile Getirdi"},"content":{"rendered":"<p>\u015eAM &#8211; D\u0131\u015fi\u015fleri ve Gurbet\u00e7iler Bakan\u0131 Dr. Faysal Mikdad, Suriye Arap Cumhuriyeti ile Kore Demokratik Halk Cumhuriyeti aras\u0131nda on y\u0131llar boyunca \u00e7e\u015fitli alanlarda sarf edilen ortak \u00e7abalar\u0131n iki \u00fclke halklar\u0131 aras\u0131ndaki dostluk ve i\u015fbirli\u011fi ba\u011flar\u0131n\u0131n g\u00fc\u00e7lendirilmesine katk\u0131da bulundu\u011funu belirtti.<\/p>\n<p>Bakan Mikdad ile Demokratik Kore \u00a0D\u0131\u015fi\u015fleri Bakan\u0131 Choe Son aras\u0131nda Suriye ile Demokratik Kore aras\u0131nda diplomatik ili\u015fkilerin kurulmas\u0131n\u0131n 56. y\u0131ld\u00f6n\u00fcm\u00fc vesilesiyle yap\u0131lan tebrik mesajlar\u0131 al\u0131\u015fveri\u015fi s\u0131ras\u0131nda geldi.<\/p>\n<p>Bakan Mikdad, iki \u00fclke liderlerinin on y\u0131llar boyunca ortak \u00e7abalar\u0131n\u0131n bir\u00e7ok \u00f6nemli kazan\u0131mla sonu\u00e7land\u0131\u011f\u0131n\u0131 ve iki halk aras\u0131ndaki dostluk ve i\u015fbirli\u011fi ba\u011flar\u0131n\u0131n g\u00fc\u00e7lendirilmesine katk\u0131da bulundu\u011funu belirterek, Suriye&#8217;nin bu i\u015fbirli\u011fini s\u00fcrd\u00fcrme ve iki dost \u00fclke ve halk i\u00e7in ortak yarar ve fayda sa\u011flayacak \u015fekilde daha geni\u015f alanlar\u0131 i\u00e7erecek \u015fekilde g\u00fc\u00e7lendirmek ve geli\u015ftirmek i\u00e7in m\u00fcmk\u00fcn olan t\u00fcm \u00e7abay\u0131 g\u00f6sterme konusundaki isteklili\u011fini vurgulad\u0131.<\/p>\n<p>Choi Sun da telgraf\u0131nda, iki dost \u00fclke aras\u0131ndaki i\u015fbirli\u011fi ve dostluk ili\u015fkilerinin derinli\u011fini teyit ederek, bu i\u015fbirli\u011finin daha fazlas\u0131n\u0131 ger\u00e7ekle\u015ftirmeye ve karma\u015f\u0131k uluslararas\u0131 ko\u015fullar alt\u0131nda ikili ili\u015fkiler geli\u015ftirmeye olan inanc\u0131n\u0131 ifade etti ve i\u015fbirli\u011fi ili\u015fkilerinin bu i\u015fbirli\u011fine daha fazla \u00f6nem verece\u011fine olan inanc\u0131n\u0131 dile getirdi ve ge\u00e7mi\u015f y\u0131llarda g\u00fc\u00e7lenen ve sayg\u0131 duyulan dostluklar gelecekte daha da g\u00fc\u00e7lenece\u011fini vurgulad\u0131.<\/p>\n<p>&nbsp;<\/p>\n<p>son haberler<\/p>\n<p>d\u00fcnya, haberler<\/p>\n<p>haber \u015feridi<\/p>\n","protected":false},"excerpt":{"rendered":"<p>\u015eAM &#8211; D\u0131\u015fi\u015fleri ve Gurbet\u00e7iler Bakan\u0131 Dr. Faysal Mikdad, Suriye Arap Cumhuriyeti ile Kore Demokratik Halk Cumhuriyeti aras\u0131nda on y\u0131llar boyunca \u00e7e\u015fitli alanlarda sarf edilen ortak \u00e7abalar\u0131n iki \u00fclke halklar\u0131 aras\u0131ndaki dostluk ve i\u015fbirli\u011fi ba\u011flar\u0131n\u0131n g\u00fc\u00e7lendirilmesine katk\u0131da bulundu\u011funu belirtti. Bakan Mikdad ile Demokratik Kore \u00a0D\u0131\u015fi\u015fleri Bakan\u0131 Choe Son aras\u0131nda Suriye ile Demokratik Kore aras\u0131nda diplomatik &hellip;<\/p>\n","protected":false},"author":36,"featured_media":0,"comment_status":"closed","ping_status":"closed","sticky":false,"template":"","format":"standard","meta":{"footnotes":""},"categories":[1],"tags":[],"class_list":["post-259772","post","type-post","status-publish","format-standard","","category-news-not-sorted"],"_links":{"self":[{"href":"https:\/\/archive.sana.sy\/tr\/index.php?rest_route=\/wp\/v2\/posts\/259772","targetHints":{"allow":["GET"]}}],"collection":[{"href":"https:\/\/archive.sana.sy\/tr\/index.php?rest_route=\/wp\/v2\/posts"}],"about":[{"href":"https:\/\/archive.sana.sy\/tr\/index.php?rest_route=\/wp\/v2\/types\/post"}],"author":[{"embeddable":true,"href":"https:\/\/archive.sana.sy\/tr\/index.php?rest_route=\/wp\/v2\/users\/36"}],"replies":[{"embeddable":true,"href":"https:\/\/archive.sana.sy\/tr\/index.php?rest_route=%2Fwp%2Fv2%2Fcomments&post=259772"}],"version-history":[{"count":0,"href":"https:\/\/archive.sana.sy\/tr\/index.php?rest_route=\/wp\/v2\/posts\/259772\/revisions"}],"wp:attachment":[{"href":"https:\/\/archive.sana.sy\/tr\/index.php?rest_route=%2Fwp%2Fv2%2Fmedia&parent=259772"}],"wp:term":[{"taxonomy":"category","embeddable":true,"href":"https:\/\/archive.sana.sy\/tr\/index.php?rest_route=%2Fwp%2Fv2%2Fcategories&post=259772"},{"taxonomy":"post_tag","embeddable":true,"href":"https:\/\/archive.sana.sy\/tr\/index.php?rest_route=%2Fwp%2Fv2%2Ftags&post=259772"}],"curies":[{"name":"wp","href":"https:\/\/api.w.org\/{rel}","templated":true}]}}