{"id":259809,"date":"2022-07-31T08:50:04","date_gmt":"2022-07-31T05:50:04","guid":{"rendered":"http:\/\/107.6.182.27\/tr\/?p=259809"},"modified":"2022-08-03T09:20:59","modified_gmt":"2022-08-03T06:20:59","slug":"turk-isgali-tel-temr-bolgesine-gerceklestirdi-saldirisinda-iki-vatandas-yaralandi","status":"publish","type":"post","link":"https:\/\/archive.sana.sy\/tr\/?p=259809","title":{"rendered":"T\u00fcrk \u0130\u015fgali, Tel Temr B\u00f6lgesine Ger\u00e7ekle\u015ftirdi Sald\u0131r\u0131s\u0131nda \u0130ki Vatanda\u015f Yaraland\u0131"},"content":{"rendered":"<p>HASEKE \u2013 T\u00fcrk rejim g\u00fc\u00e7lerinin Haseke&#8217;nin kuzeybat\u0131s\u0131ndaki Tel Temr \u00e7evresine d\u00fczenledi\u011fi top\u00e7u sald\u0131r\u0131s\u0131 sonucu iki vatanda\u015f yaraland\u0131.<\/p>\n<p>Yerel kaynaklar SANA muhabirine yapt\u0131\u011f\u0131 a\u00e7\u0131klamada, \u00a0\u201cT\u00fcrk i\u015fgalcilerinin top\u00e7ular\u0131, Haseke k\u0131rsal\u0131n\u0131n kuzeybat\u0131s\u0131nda yer alan Tel Temr civar\u0131nda bir dizi top mermisiyle El Salamsa&#8217;ya sald\u0131rd\u0131, iki vatanda\u015f\u0131 yaralad\u0131 ve b\u00f6lgedeki insanlar\u0131n m\u00fclk\u00fcne ve altyap\u0131s\u0131na maddi hasar verdi\u201d dedi.<\/p>\n<p><span style=\"color: #0000ff;\">#Telegram_Kanal\u0131m\u0131z: https:\/\/t.me\/SuriyeArapHaberAjans<\/span><\/p>\n","protected":false},"excerpt":{"rendered":"<p>HASEKE \u2013 T\u00fcrk rejim g\u00fc\u00e7lerinin Haseke&#8217;nin kuzeybat\u0131s\u0131ndaki Tel Temr \u00e7evresine d\u00fczenledi\u011fi top\u00e7u sald\u0131r\u0131s\u0131 sonucu iki vatanda\u015f yaraland\u0131. Yerel kaynaklar SANA muhabirine yapt\u0131\u011f\u0131 a\u00e7\u0131klamada, \u00a0\u201cT\u00fcrk i\u015fgalcilerinin top\u00e7ular\u0131, Haseke k\u0131rsal\u0131n\u0131n kuzeybat\u0131s\u0131nda yer alan Tel Temr civar\u0131nda bir dizi top mermisiyle El Salamsa&#8217;ya sald\u0131rd\u0131, iki vatanda\u015f\u0131 yaralad\u0131 ve b\u00f6lgedeki insanlar\u0131n m\u00fclk\u00fcne ve altyap\u0131s\u0131na maddi hasar verdi\u201d dedi. #Telegram_Kanal\u0131m\u0131z: &hellip;<\/p>\n","protected":false},"author":36,"featured_media":259810,"comment_status":"closed","ping_status":"closed","sticky":false,"template":"","format":"standard","meta":{"footnotes":""},"categories":[479,575,17988,2554,2555,478],"tags":[],"class_list":["post-259809","post","type-post","status-publish","format-standard","has-post-thumbnail","","category-haberler-yerel","category-olaylar-ve-gercekler","category-son-haberler","category-suriye-ve-dunya","category-suriye-ve-turkiye","category-yerel"],"_links":{"self":[{"href":"https:\/\/archive.sana.sy\/tr\/index.php?rest_route=\/wp\/v2\/posts\/259809","targetHints":{"allow":["GET"]}}],"collection":[{"href":"https:\/\/archive.sana.sy\/tr\/index.php?rest_route=\/wp\/v2\/posts"}],"about":[{"href":"https:\/\/archive.sana.sy\/tr\/index.php?rest_route=\/wp\/v2\/types\/post"}],"author":[{"embeddable":true,"href":"https:\/\/archive.sana.sy\/tr\/index.php?rest_route=\/wp\/v2\/users\/36"}],"replies":[{"embeddable":true,"href":"https:\/\/archive.sana.sy\/tr\/index.php?rest_route=%2Fwp%2Fv2%2Fcomments&post=259809"}],"version-history":[{"count":0,"href":"https:\/\/archive.sana.sy\/tr\/index.php?rest_route=\/wp\/v2\/posts\/259809\/revisions"}],"wp:featuredmedia":[{"embeddable":true,"href":"https:\/\/archive.sana.sy\/tr\/index.php?rest_route=\/wp\/v2\/media\/259810"}],"wp:attachment":[{"href":"https:\/\/archive.sana.sy\/tr\/index.php?rest_route=%2Fwp%2Fv2%2Fmedia&parent=259809"}],"wp:term":[{"taxonomy":"category","embeddable":true,"href":"https:\/\/archive.sana.sy\/tr\/index.php?rest_route=%2Fwp%2Fv2%2Fcategories&post=259809"},{"taxonomy":"post_tag","embeddable":true,"href":"https:\/\/archive.sana.sy\/tr\/index.php?rest_route=%2Fwp%2Fv2%2Ftags&post=259809"}],"curies":[{"name":"wp","href":"https:\/\/api.w.org\/{rel}","templated":true}]}}