{"id":259813,"date":"2022-07-31T09:44:20","date_gmt":"2022-07-31T06:44:20","guid":{"rendered":"http:\/\/107.6.182.27\/tr\/?p=259813"},"modified":"2022-08-02T08:59:46","modified_gmt":"2022-08-02T05:59:46","slug":"donbassi-korumak-icin-rusya-ozel-askeri-operasyonunun-gelismeleri-6","status":"publish","type":"post","link":"https:\/\/archive.sana.sy\/tr\/?p=259813","title":{"rendered":"Donbass\u2019\u0131 Korumak \u0130\u00e7in Rusya \u00d6zel Askeri Operasyonunun Geli\u015fmeleri"},"content":{"rendered":"<ul>\n<li>Rus Karadeniz Filosu&#8217;nun K\u0131r\u0131m&#8217;daki karargah\u0131na d\u00fczenlenen sald\u0131r\u0131da 5 ki\u015fi yaraland\u0131.<\/li>\n<li>Polyansky: Kiev&#8217;in Rusya&#8217;y\u0131 Ukraynal\u0131 mahkumlar i\u00e7in bir g\u00f6zalt\u0131 merkezini bombalamakla su\u00e7lama giri\u015fimleri bo\u015funa<\/li>\n<\/ul>\n<p><a class=\"oajrlxb2 g5ia77u1 qu0x051f esr5mh6w e9989ue4 r7d6kgcz rq0escxv nhd2j8a9 nc684nl6 p7hjln8o kvgmc6g5 cxmmr5t8 oygrvhab hcukyx3x jb3vyjys rz4wbd8a qt6c0cv9 a8nywdso i1ao9s8h esuyzwwr f1sip0of lzcic4wl gpro0wi8 q66pz984 b1v8xokw\" tabindex=\"0\" role=\"link\" href=\"https:\/\/www.facebook.com\/hashtag\/telegram_kanal%C4%B1m%C4%B1z?__eep__=6&amp;__cft__[0]=AZXk5xS19X39W7D1FBu0hNu1gqOC0GYXQCK7Jw92RXLulPyTXQtvAr8tT1aBFqOAWtQqtBC1znBhOV60gL6ONqUEOPcNTXBD1f7t9g5r8F3KU0U5Q9mfbHlw4-G7CvxEOHoDt6IL2T2S6kuDiA3Fn5SFmfdCPXJ8YqAV07HZSEAgSw&amp;__tn__=*NK-R\">#Telegram_Kanal\u0131m\u0131z<\/a>:\u00a0<a class=\"oajrlxb2 g5ia77u1 qu0x051f esr5mh6w e9989ue4 r7d6kgcz rq0escxv nhd2j8a9 nc684nl6 p7hjln8o kvgmc6g5 cxmmr5t8 oygrvhab hcukyx3x jb3vyjys rz4wbd8a qt6c0cv9 a8nywdso i1ao9s8h esuyzwwr f1sip0of lzcic4wl gpro0wi8 py34i1dx\" tabindex=\"0\" role=\"link\" href=\"https:\/\/l.facebook.com\/l.php?u=https%3A%2F%2Ft.me%2FSuriyeArapHaberAjans%3Ffbclid%3DIwAR1k6K8reVn8cjMtybJLg1zuXoAn6cIZS7t7oL3PPaTqM8WaxqIfqI_fDtk&amp;h=AT2EIxL8W8B6MoRlSUzXA30mMb1iPL6Rf2udy5uR7Ox-8QC6-ZvSfEUoDR-4AFXzvJ1OIpG19k9UfzzP1HN8GnL-0YGZANavE1dYEPC4z3rh255bMc4aOuaR1Iv-kWfdjNA&amp;__tn__=-UK-R&amp;c[0]=AT0eaFtLdAFkLRuDYTVCbPu0kd9vuBN9xvOEQraCSo4pylA_EbWn2TsqAIsWCE1hnhseNHNx9k-bcDLYa54IBRFqeXJu_Y3kiH1CHa2oMzEseBAJBGGjWhdJ39JDtenSg560yb8dGcGOZmilN9IRWAXopd1E4sKoOZHt6Laj3mgKlg_Zk4zwAE1eoAMy13jK7nbh9PXZ\" target=\"_blank\" rel=\"nofollow noopener\">https:\/\/t.me\/SuriyeArapHaberAjans<\/a><\/p>\n","protected":false},"excerpt":{"rendered":"<p>Rus Karadeniz Filosu&#8217;nun K\u0131r\u0131m&#8217;daki karargah\u0131na d\u00fczenlenen sald\u0131r\u0131da 5 ki\u015fi yaraland\u0131. Polyansky: Kiev&#8217;in Rusya&#8217;y\u0131 Ukraynal\u0131 mahkumlar i\u00e7in bir g\u00f6zalt\u0131 merkezini bombalamakla su\u00e7lama giri\u015fimleri bo\u015funa #Telegram_Kanal\u0131m\u0131z:\u00a0https:\/\/t.me\/SuriyeArapHaberAjans<\/p>\n","protected":false},"author":36,"featured_media":259814,"comment_status":"closed","ping_status":"closed","sticky":false,"template":"","format":"standard","meta":{"footnotes":""},"categories":[458,459,17988],"tags":[],"class_list":["post-259813","post","type-post","status-publish","format-standard","has-post-thumbnail","","category-dunya1","category-haberler-arap-uluslararasi-politika","category-son-haberler"],"_links":{"self":[{"href":"https:\/\/archive.sana.sy\/tr\/index.php?rest_route=\/wp\/v2\/posts\/259813","targetHints":{"allow":["GET"]}}],"collection":[{"href":"https:\/\/archive.sana.sy\/tr\/index.php?rest_route=\/wp\/v2\/posts"}],"about":[{"href":"https:\/\/archive.sana.sy\/tr\/index.php?rest_route=\/wp\/v2\/types\/post"}],"author":[{"embeddable":true,"href":"https:\/\/archive.sana.sy\/tr\/index.php?rest_route=\/wp\/v2\/users\/36"}],"replies":[{"embeddable":true,"href":"https:\/\/archive.sana.sy\/tr\/index.php?rest_route=%2Fwp%2Fv2%2Fcomments&post=259813"}],"version-history":[{"count":0,"href":"https:\/\/archive.sana.sy\/tr\/index.php?rest_route=\/wp\/v2\/posts\/259813\/revisions"}],"wp:featuredmedia":[{"embeddable":true,"href":"https:\/\/archive.sana.sy\/tr\/index.php?rest_route=\/wp\/v2\/media\/259814"}],"wp:attachment":[{"href":"https:\/\/archive.sana.sy\/tr\/index.php?rest_route=%2Fwp%2Fv2%2Fmedia&parent=259813"}],"wp:term":[{"taxonomy":"category","embeddable":true,"href":"https:\/\/archive.sana.sy\/tr\/index.php?rest_route=%2Fwp%2Fv2%2Fcategories&post=259813"},{"taxonomy":"post_tag","embeddable":true,"href":"https:\/\/archive.sana.sy\/tr\/index.php?rest_route=%2Fwp%2Fv2%2Ftags&post=259813"}],"curies":[{"name":"wp","href":"https:\/\/api.w.org\/{rel}","templated":true}]}}