{"id":259816,"date":"2022-07-31T11:03:48","date_gmt":"2022-07-31T08:03:48","guid":{"rendered":"http:\/\/107.6.182.27\/tr\/?p=259816"},"modified":"2022-08-02T08:30:30","modified_gmt":"2022-08-02T05:30:30","slug":"israil-isfgal-gucleri-bati-yakada-5-filistinliyi-tutukladi","status":"publish","type":"post","link":"https:\/\/archive.sana.sy\/tr\/?p=259816","title":{"rendered":"\u0130srail \u0130\u015ffgal G\u00fc\u00e7leri, Bat\u0131 Yaka\u2019da 5 Filistinliyi Tutuklad\u0131"},"content":{"rendered":"<p>\u0130\u015eGAL ED\u0130LEN KUD\u00dcS \u2013 \u0130srail i\u015fgal g\u00fc\u00e7leri, Bat\u0131 Yaka\u2019da 5 Filistinliyi tutuklad\u0131.<\/p>\n<p>Filistinli Medyas\u0131, israil i\u015fgal g\u00fc\u00e7lerinin, i\u015fgal edilen kud\u00fcs\u2019teki Beyt Daku ve Beyt Lahm\u2019daki Beyt facar beldelerine bask\u0131n d\u00fczenledi\u011fini beklirtirken, 5 Filistinliyi tutuklad\u0131\u011f\u0131na i\u015faret etti.<\/p>\n<p><a class=\"oajrlxb2 g5ia77u1 qu0x051f esr5mh6w e9989ue4 r7d6kgcz rq0escxv nhd2j8a9 nc684nl6 p7hjln8o kvgmc6g5 cxmmr5t8 oygrvhab hcukyx3x jb3vyjys rz4wbd8a qt6c0cv9 a8nywdso i1ao9s8h esuyzwwr f1sip0of lzcic4wl gpro0wi8 q66pz984 b1v8xokw\" tabindex=\"0\" role=\"link\" href=\"https:\/\/www.facebook.com\/hashtag\/telegram_kanal%C4%B1m%C4%B1z?__eep__=6&amp;__cft__[0]=AZXk5xS19X39W7D1FBu0hNu1gqOC0GYXQCK7Jw92RXLulPyTXQtvAr8tT1aBFqOAWtQqtBC1znBhOV60gL6ONqUEOPcNTXBD1f7t9g5r8F3KU0U5Q9mfbHlw4-G7CvxEOHoDt6IL2T2S6kuDiA3Fn5SFmfdCPXJ8YqAV07HZSEAgSw&amp;__tn__=*NK-R\">#Telegram_Kanal\u0131m\u0131z<\/a>:\u00a0<a class=\"oajrlxb2 g5ia77u1 qu0x051f esr5mh6w e9989ue4 r7d6kgcz rq0escxv nhd2j8a9 nc684nl6 p7hjln8o kvgmc6g5 cxmmr5t8 oygrvhab hcukyx3x jb3vyjys rz4wbd8a qt6c0cv9 a8nywdso i1ao9s8h esuyzwwr f1sip0of lzcic4wl gpro0wi8 py34i1dx\" tabindex=\"0\" role=\"link\" href=\"https:\/\/l.facebook.com\/l.php?u=https%3A%2F%2Ft.me%2FSuriyeArapHaberAjans%3Ffbclid%3DIwAR1k6K8reVn8cjMtybJLg1zuXoAn6cIZS7t7oL3PPaTqM8WaxqIfqI_fDtk&amp;h=AT2EIxL8W8B6MoRlSUzXA30mMb1iPL6Rf2udy5uR7Ox-8QC6-ZvSfEUoDR-4AFXzvJ1OIpG19k9UfzzP1HN8GnL-0YGZANavE1dYEPC4z3rh255bMc4aOuaR1Iv-kWfdjNA&amp;__tn__=-UK-R&amp;c[0]=AT0eaFtLdAFkLRuDYTVCbPu0kd9vuBN9xvOEQraCSo4pylA_EbWn2TsqAIsWCE1hnhseNHNx9k-bcDLYa54IBRFqeXJu_Y3kiH1CHa2oMzEseBAJBGGjWhdJ39JDtenSg560yb8dGcGOZmilN9IRWAXopd1E4sKoOZHt6Laj3mgKlg_Zk4zwAE1eoAMy13jK7nbh9PXZ\" target=\"_blank\" rel=\"nofollow noopener\">https:\/\/t.me\/SuriyeArapHaberAjans<\/a><\/p>\n","protected":false},"excerpt":{"rendered":"<p>\u0130\u015eGAL ED\u0130LEN KUD\u00dcS \u2013 \u0130srail i\u015fgal g\u00fc\u00e7leri, Bat\u0131 Yaka\u2019da 5 Filistinliyi tutuklad\u0131. Filistinli Medyas\u0131, israil i\u015fgal g\u00fc\u00e7lerinin, i\u015fgal edilen kud\u00fcs\u2019teki Beyt Daku ve Beyt Lahm\u2019daki Beyt facar beldelerine bask\u0131n d\u00fczenledi\u011fini beklirtirken, 5 Filistinliyi tutuklad\u0131\u011f\u0131na i\u015faret etti. #Telegram_Kanal\u0131m\u0131z:\u00a0https:\/\/t.me\/SuriyeArapHaberAjans<\/p>\n","protected":false},"author":36,"featured_media":259817,"comment_status":"closed","ping_status":"closed","sticky":false,"template":"","format":"standard","meta":{"footnotes":""},"categories":[458,459,17988],"tags":[],"class_list":["post-259816","post","type-post","status-publish","format-standard","has-post-thumbnail","","category-dunya1","category-haberler-arap-uluslararasi-politika","category-son-haberler"],"_links":{"self":[{"href":"https:\/\/archive.sana.sy\/tr\/index.php?rest_route=\/wp\/v2\/posts\/259816","targetHints":{"allow":["GET"]}}],"collection":[{"href":"https:\/\/archive.sana.sy\/tr\/index.php?rest_route=\/wp\/v2\/posts"}],"about":[{"href":"https:\/\/archive.sana.sy\/tr\/index.php?rest_route=\/wp\/v2\/types\/post"}],"author":[{"embeddable":true,"href":"https:\/\/archive.sana.sy\/tr\/index.php?rest_route=\/wp\/v2\/users\/36"}],"replies":[{"embeddable":true,"href":"https:\/\/archive.sana.sy\/tr\/index.php?rest_route=%2Fwp%2Fv2%2Fcomments&post=259816"}],"version-history":[{"count":0,"href":"https:\/\/archive.sana.sy\/tr\/index.php?rest_route=\/wp\/v2\/posts\/259816\/revisions"}],"wp:featuredmedia":[{"embeddable":true,"href":"https:\/\/archive.sana.sy\/tr\/index.php?rest_route=\/wp\/v2\/media\/259817"}],"wp:attachment":[{"href":"https:\/\/archive.sana.sy\/tr\/index.php?rest_route=%2Fwp%2Fv2%2Fmedia&parent=259816"}],"wp:term":[{"taxonomy":"category","embeddable":true,"href":"https:\/\/archive.sana.sy\/tr\/index.php?rest_route=%2Fwp%2Fv2%2Fcategories&post=259816"},{"taxonomy":"post_tag","embeddable":true,"href":"https:\/\/archive.sana.sy\/tr\/index.php?rest_route=%2Fwp%2Fv2%2Ftags&post=259816"}],"curies":[{"name":"wp","href":"https:\/\/api.w.org\/{rel}","templated":true}]}}