{"id":259898,"date":"2022-08-02T11:32:42","date_gmt":"2022-08-02T08:32:42","guid":{"rendered":"http:\/\/107.6.182.27\/tr\/?p=259898"},"modified":"2022-08-03T09:24:27","modified_gmt":"2022-08-03T06:24:27","slug":"amerikan-isgali-suriye-petrolunu-calmaya-devam-ediyor","status":"publish","type":"post","link":"https:\/\/archive.sana.sy\/tr\/?p=259898","title":{"rendered":"Amerikan \u0130\u015fgali Suriye Petrol\u00fcn\u00fc \u00c7almaya Devam Ediyor"},"content":{"rendered":"<p>HASEKE \u2013 Amerikan i\u015fgal g\u00fc\u00e7leri, Suriye\u2019nin El Cezire b\u00f6lgesinden \u00e7al\u0131nt\u0131 petrol y\u00fckl\u00fc tanker konvoyunu Kuzey Irak\u2019taki \u00fcslerine \u00e7\u0131kard\u0131.<\/p>\n<p>Yerel kaynaklar SANA muhabirine yapt\u0131\u011f\u0131 a\u00e7\u0131klamada, ABD i\u015fgal g\u00fc\u00e7lerin&#8217;n \u00e7al\u0131nt\u0131 petrol dolu tanker ve kamyonlardan olu\u015fan 31 ara\u00e7 konvoyunu, Suriye topraklar\u0131ndan Irak topraklar\u0131na do\u011fru yasad\u0131\u015f\u0131 El Velid ge\u00e7idinden ge\u00e7ti\u011fini belirtti.<\/p>\n<p><span style=\"color: #0000ff;\">#Telegram_Kanal\u0131m\u0131z: https:\/\/t.me\/SuriyeArapHaberAjans<\/span><\/p>\n<p>&nbsp;<\/p>\n","protected":false},"excerpt":{"rendered":"<p>HASEKE \u2013 Amerikan i\u015fgal g\u00fc\u00e7leri, Suriye\u2019nin El Cezire b\u00f6lgesinden \u00e7al\u0131nt\u0131 petrol y\u00fckl\u00fc tanker konvoyunu Kuzey Irak\u2019taki \u00fcslerine \u00e7\u0131kard\u0131. Yerel kaynaklar SANA muhabirine yapt\u0131\u011f\u0131 a\u00e7\u0131klamada, ABD i\u015fgal g\u00fc\u00e7lerin&#8217;n \u00e7al\u0131nt\u0131 petrol dolu tanker ve kamyonlardan olu\u015fan 31 ara\u00e7 konvoyunu, Suriye topraklar\u0131ndan Irak topraklar\u0131na do\u011fru yasad\u0131\u015f\u0131 El Velid ge\u00e7idinden ge\u00e7ti\u011fini belirtti. #Telegram_Kanal\u0131m\u0131z: https:\/\/t.me\/SuriyeArapHaberAjans &nbsp;<\/p>\n","protected":false},"author":39,"featured_media":259899,"comment_status":"closed","ping_status":"closed","sticky":false,"template":"","format":"standard","meta":{"footnotes":""},"categories":[479,575,17988,478],"tags":[],"class_list":["post-259898","post","type-post","status-publish","format-standard","has-post-thumbnail","","category-haberler-yerel","category-olaylar-ve-gercekler","category-son-haberler","category-yerel"],"_links":{"self":[{"href":"https:\/\/archive.sana.sy\/tr\/index.php?rest_route=\/wp\/v2\/posts\/259898","targetHints":{"allow":["GET"]}}],"collection":[{"href":"https:\/\/archive.sana.sy\/tr\/index.php?rest_route=\/wp\/v2\/posts"}],"about":[{"href":"https:\/\/archive.sana.sy\/tr\/index.php?rest_route=\/wp\/v2\/types\/post"}],"author":[{"embeddable":true,"href":"https:\/\/archive.sana.sy\/tr\/index.php?rest_route=\/wp\/v2\/users\/39"}],"replies":[{"embeddable":true,"href":"https:\/\/archive.sana.sy\/tr\/index.php?rest_route=%2Fwp%2Fv2%2Fcomments&post=259898"}],"version-history":[{"count":0,"href":"https:\/\/archive.sana.sy\/tr\/index.php?rest_route=\/wp\/v2\/posts\/259898\/revisions"}],"wp:featuredmedia":[{"embeddable":true,"href":"https:\/\/archive.sana.sy\/tr\/index.php?rest_route=\/wp\/v2\/media\/259899"}],"wp:attachment":[{"href":"https:\/\/archive.sana.sy\/tr\/index.php?rest_route=%2Fwp%2Fv2%2Fmedia&parent=259898"}],"wp:term":[{"taxonomy":"category","embeddable":true,"href":"https:\/\/archive.sana.sy\/tr\/index.php?rest_route=%2Fwp%2Fv2%2Fcategories&post=259898"},{"taxonomy":"post_tag","embeddable":true,"href":"https:\/\/archive.sana.sy\/tr\/index.php?rest_route=%2Fwp%2Fv2%2Ftags&post=259898"}],"curies":[{"name":"wp","href":"https:\/\/api.w.org\/{rel}","templated":true}]}}