{"id":259901,"date":"2022-08-02T11:30:09","date_gmt":"2022-08-02T08:30:09","guid":{"rendered":"http:\/\/107.6.182.27\/tr\/?p=259901"},"modified":"2022-08-03T09:33:58","modified_gmt":"2022-08-03T06:33:58","slug":"isgalci-israil-kursunuyla-4-filistinli-yaralandi-2-kisi-yaralandi","status":"publish","type":"post","link":"https:\/\/archive.sana.sy\/tr\/?p=259901","title":{"rendered":"\u0130\u015fgalci \u0130srail Kur\u015funuyla 4 Filistinli Yaraland\u0131 2 Ki\u015fi Tutuklad\u0131"},"content":{"rendered":"<p>\u0130\u015eGAL ED\u0130LEN KUD\u00dcS \u2013 \u0130srail i\u015fgal g\u00fc\u00e7leri, Bat\u0131 Yaka\u2019daki Tubas kentinin g\u00fcneyindeki El Fare\u2019a kamp\u0131na bask\u0131n d\u00fczenledi, 4 Filistinli yaraland\u0131 2 ki\u015fiyi de tutuklad\u0131.<\/p>\n<p>Filistinli WAFA Haber Ajans\u0131, \u0130srail i\u015fgal g\u00fc\u00e7lerinin, kampa bask\u0131n d\u00fczenleyerek Filistinlileri vurarak yaralad\u0131\u011f\u0131n\u0131 ve yaral\u0131 d\u00f6rt Filistinlinin tedavi i\u00e7in hastaneye kald\u0131r\u0131ld\u0131klar\u0131n\u0131, 2 Filistinliyi de tutuklad\u0131\u011f\u0131n\u0131 bildirdi.<\/p>\n<p><span style=\"color: #0000ff;\">#Telegram_Kanal\u0131m\u0131z: https:\/\/t.me\/SuriyeArapHaberAjans<\/span><\/p>\n","protected":false},"excerpt":{"rendered":"<p>\u0130\u015eGAL ED\u0130LEN KUD\u00dcS \u2013 \u0130srail i\u015fgal g\u00fc\u00e7leri, Bat\u0131 Yaka\u2019daki Tubas kentinin g\u00fcneyindeki El Fare\u2019a kamp\u0131na bask\u0131n d\u00fczenledi, 4 Filistinli yaraland\u0131 2 ki\u015fiyi de tutuklad\u0131. Filistinli WAFA Haber Ajans\u0131, \u0130srail i\u015fgal g\u00fc\u00e7lerinin, kampa bask\u0131n d\u00fczenleyerek Filistinlileri vurarak yaralad\u0131\u011f\u0131n\u0131 ve yaral\u0131 d\u00f6rt Filistinlinin tedavi i\u00e7in hastaneye kald\u0131r\u0131ld\u0131klar\u0131n\u0131, 2 Filistinliyi de tutuklad\u0131\u011f\u0131n\u0131 bildirdi. #Telegram_Kanal\u0131m\u0131z: https:\/\/t.me\/SuriyeArapHaberAjans<\/p>\n","protected":false},"author":39,"featured_media":259902,"comment_status":"closed","ping_status":"closed","sticky":false,"template":"","format":"standard","meta":{"footnotes":""},"categories":[458,459,17988],"tags":[],"class_list":["post-259901","post","type-post","status-publish","format-standard","has-post-thumbnail","","category-dunya1","category-haberler-arap-uluslararasi-politika","category-son-haberler"],"_links":{"self":[{"href":"https:\/\/archive.sana.sy\/tr\/index.php?rest_route=\/wp\/v2\/posts\/259901","targetHints":{"allow":["GET"]}}],"collection":[{"href":"https:\/\/archive.sana.sy\/tr\/index.php?rest_route=\/wp\/v2\/posts"}],"about":[{"href":"https:\/\/archive.sana.sy\/tr\/index.php?rest_route=\/wp\/v2\/types\/post"}],"author":[{"embeddable":true,"href":"https:\/\/archive.sana.sy\/tr\/index.php?rest_route=\/wp\/v2\/users\/39"}],"replies":[{"embeddable":true,"href":"https:\/\/archive.sana.sy\/tr\/index.php?rest_route=%2Fwp%2Fv2%2Fcomments&post=259901"}],"version-history":[{"count":0,"href":"https:\/\/archive.sana.sy\/tr\/index.php?rest_route=\/wp\/v2\/posts\/259901\/revisions"}],"wp:featuredmedia":[{"embeddable":true,"href":"https:\/\/archive.sana.sy\/tr\/index.php?rest_route=\/wp\/v2\/media\/259902"}],"wp:attachment":[{"href":"https:\/\/archive.sana.sy\/tr\/index.php?rest_route=%2Fwp%2Fv2%2Fmedia&parent=259901"}],"wp:term":[{"taxonomy":"category","embeddable":true,"href":"https:\/\/archive.sana.sy\/tr\/index.php?rest_route=%2Fwp%2Fv2%2Fcategories&post=259901"},{"taxonomy":"post_tag","embeddable":true,"href":"https:\/\/archive.sana.sy\/tr\/index.php?rest_route=%2Fwp%2Fv2%2Ftags&post=259901"}],"curies":[{"name":"wp","href":"https:\/\/api.w.org\/{rel}","templated":true}]}}