{"id":259924,"date":"2022-08-01T22:53:13","date_gmt":"2022-08-01T19:53:13","guid":{"rendered":"http:\/\/107.6.182.27\/tr\/?p=259924"},"modified":"2022-08-03T09:23:41","modified_gmt":"2022-08-03T06:23:41","slug":"samdaki-polis-kolejinde-yeni-bir-ic-guvenlik-kuvvetleri-subayi-partisi-mezun-oldu","status":"publish","type":"post","link":"https:\/\/archive.sana.sy\/tr\/?p=259924","title":{"rendered":"\u015eam&#8217;daki Polis Koleji&#8217;nde Yeni Bir \u0130\u00e7 G\u00fcvenlik Kuvvetleri Subay\u0131 Partisi Mezun Oldu"},"content":{"rendered":"<p>\u015eAM \u2013 \u0130\u00e7i\u015fleri Bakanl\u0131\u011f\u0131 bug\u00fcn, \u0130\u00e7 G\u00fcvenlik G\u00fc\u00e7lerine yeni kadrolar kazand\u0131rma ve yap\u0131s\u0131n\u0131 modernize etme politikas\u0131 \u00e7er\u00e7evesinde yeni bir polis te\u015fkilat\u0131 mezun ett.<\/p>\n<p>\u0130\u00e7i\u015fleri Bakan\u0131 T\u00fcmgeneral Muhammed el Rahmon, \u015eam&#8217;daki Polis Koleji&#8217;nde d\u00fczenlenen mezuniyet t\u00f6reninde yapt\u0131\u011f\u0131 konu\u015fmada, \u201cSuriyeliler zafer plaketini tamamlamaya kararl\u0131lar ve son ter\u00f6rist de topraklar\u0131ndan at\u0131lmad\u0131k\u00e7a, emniyet ve g\u00fcvenlik \u00fclkesindeki haline geri d\u00f6nmedik\u00e7e kararl\u0131l\u0131klar\u0131 tatmin olmayacak\u201d dedi.<img loading=\"lazy\" decoding=\"async\" class=\"size-full wp-image-259926 alignright\" src=\"http:\/\/107.6.182.27\/tr\/wp-content\/uploads\/2022\/08\/KIN_2923-300x200-1.jpg\" alt=\"\" width=\"300\" height=\"200\" srcset=\"https:\/\/archive.sana.sy\/tr\/wp-content\/uploads\/2022\/08\/KIN_2923-300x200-1.jpg 300w, https:\/\/archive.sana.sy\/tr\/wp-content\/uploads\/2022\/08\/KIN_2923-300x200-1-150x100.jpg 150w\" sizes=\"auto, (max-width: 300px) 100vw, 300px\" \/><\/p>\n<p>T\u00fcmgeneral el Rahmon, \u201cBu kursun mezuniyeti, zamanla ulusun \u00e7itini olu\u015fturan ve onurunu ve egemenli\u011fini savunmak i\u00e7in kahramanca sava\u015flar veren Suriye Arap Ordusu&#8217;nun kurulu\u015funun yetmi\u015f yedinci y\u0131ld\u00f6n\u00fcm\u00fcne denk geldi\u201d ifadeleri s\u00f6zlerine ekledi.<\/p>\n<p>Bakan el Rahmon, mezunlar\u0131n fiziksel ve davran\u0131\u015fsal olarak haz\u0131rlan\u0131p rehabilite edildi\u011fini ve g\u00fcvenlik ve hizmet g\u00f6revlerini en iyi \u015fekilde yerine getirerek onur, fedakarl\u0131k ve d\u00fcr\u00fcstl\u00fck alan\u0131na girmeleri i\u00e7in gerekli niteliksel becerileri kazand\u0131rd\u0131klar\u0131n\u0131 belirtti.<\/p>\n<p>T\u00fcmgeneral el Rahmon ayr\u0131ca, mezunlar\u0131 vatanda\u015flar i\u00e7in bir g\u00fcven yeri, onlar i\u00e7in g\u00fcvenli bir s\u0131\u011f\u0131nak, amirlerine itaatte askeri disiplin ve ahlak \u00f6rne\u011fi, verme, fedakarl\u0131k ve verme \u00f6rne\u011fi olmaya \u00e7a\u011f\u0131rda bulunarak, kendilerine pratik ya\u015famlar\u0131nda ba\u015far\u0131lar, halk\u0131n ve \u00fclkenin hizmetindeki saha performanslar\u0131nda ba\u015far\u0131lar diledi.<img loading=\"lazy\" decoding=\"async\" class=\"size-full wp-image-259927 alignright\" src=\"http:\/\/107.6.182.27\/tr\/wp-content\/uploads\/2022\/08\/KIN_2899-300x200-1.jpg\" alt=\"\" width=\"300\" height=\"200\" srcset=\"https:\/\/archive.sana.sy\/tr\/wp-content\/uploads\/2022\/08\/KIN_2899-300x200-1.jpg 300w, https:\/\/archive.sana.sy\/tr\/wp-content\/uploads\/2022\/08\/KIN_2899-300x200-1-150x100.jpg 150w\" sizes=\"auto, (max-width: 300px) 100vw, 300px\" \/><\/p>\n<p>Mezuniyet t\u00f6reninde askeri ge\u00e7it t\u00f6reni, mezunlar i\u00e7in yemin t\u00f6reni ve ilk mezunlara ve \u015fehit ailelerine te\u015fekk\u00fcr belgesi ve hediye takdimi yap\u0131ld\u0131.<\/p>\n<p>P.M.<\/p>\n","protected":false},"excerpt":{"rendered":"<p>\u015eAM \u2013 \u0130\u00e7i\u015fleri Bakanl\u0131\u011f\u0131 bug\u00fcn, \u0130\u00e7 G\u00fcvenlik G\u00fc\u00e7lerine yeni kadrolar kazand\u0131rma ve yap\u0131s\u0131n\u0131 modernize etme politikas\u0131 \u00e7er\u00e7evesinde yeni bir polis te\u015fkilat\u0131 mezun ett. \u0130\u00e7i\u015fleri Bakan\u0131 T\u00fcmgeneral Muhammed el Rahmon, \u015eam&#8217;daki Polis Koleji&#8217;nde d\u00fczenlenen mezuniyet t\u00f6reninde yapt\u0131\u011f\u0131 konu\u015fmada, \u201cSuriyeliler zafer plaketini tamamlamaya kararl\u0131lar ve son ter\u00f6rist de topraklar\u0131ndan at\u0131lmad\u0131k\u00e7a, emniyet ve g\u00fcvenlik \u00fclkesindeki haline geri d\u00f6nmedik\u00e7e &hellip;<\/p>\n","protected":false},"author":1,"featured_media":259925,"comment_status":"closed","ping_status":"closed","sticky":false,"template":"","format":"standard","meta":{"footnotes":""},"categories":[479,17988,478],"tags":[],"class_list":["post-259924","post","type-post","status-publish","format-standard","has-post-thumbnail","","category-haberler-yerel","category-son-haberler","category-yerel"],"_links":{"self":[{"href":"https:\/\/archive.sana.sy\/tr\/index.php?rest_route=\/wp\/v2\/posts\/259924","targetHints":{"allow":["GET"]}}],"collection":[{"href":"https:\/\/archive.sana.sy\/tr\/index.php?rest_route=\/wp\/v2\/posts"}],"about":[{"href":"https:\/\/archive.sana.sy\/tr\/index.php?rest_route=\/wp\/v2\/types\/post"}],"author":[{"embeddable":true,"href":"https:\/\/archive.sana.sy\/tr\/index.php?rest_route=\/wp\/v2\/users\/1"}],"replies":[{"embeddable":true,"href":"https:\/\/archive.sana.sy\/tr\/index.php?rest_route=%2Fwp%2Fv2%2Fcomments&post=259924"}],"version-history":[{"count":0,"href":"https:\/\/archive.sana.sy\/tr\/index.php?rest_route=\/wp\/v2\/posts\/259924\/revisions"}],"wp:featuredmedia":[{"embeddable":true,"href":"https:\/\/archive.sana.sy\/tr\/index.php?rest_route=\/wp\/v2\/media\/259925"}],"wp:attachment":[{"href":"https:\/\/archive.sana.sy\/tr\/index.php?rest_route=%2Fwp%2Fv2%2Fmedia&parent=259924"}],"wp:term":[{"taxonomy":"category","embeddable":true,"href":"https:\/\/archive.sana.sy\/tr\/index.php?rest_route=%2Fwp%2Fv2%2Fcategories&post=259924"},{"taxonomy":"post_tag","embeddable":true,"href":"https:\/\/archive.sana.sy\/tr\/index.php?rest_route=%2Fwp%2Fv2%2Ftags&post=259924"}],"curies":[{"name":"wp","href":"https:\/\/api.w.org\/{rel}","templated":true}]}}